{"id":18526,"date":"2024-08-22T18:13:49","date_gmt":"2024-08-22T16:13:49","guid":{"rendered":"https:\/\/comunitamagnificat.org\/2024\/08\/22\/josue-y-jordan-sacerdotes-del-senor\/"},"modified":"2024-08-22T18:14:17","modified_gmt":"2024-08-22T16:14:17","slug":"josue-y-jordan-sacerdotes-del-senor","status":"publish","type":"post","link":"https:\/\/comunitamagnificat.org\/es\/josue-y-jordan-sacerdotes-del-senor\/","title":{"rendered":"Josu\u00e9 y Jord\u00e1n sacerdotes del Se\u00f1or"},"content":{"rendered":"\n<p class=\"has-text-align-center\"><strong>La Comunidad Magnificat celebra con toda la Iglesia de Perugia la ordenaci\u00f3n sacerdotal de Josu\u00e9 y Jord\u00e1n<\/strong><\/p>\n\n<div style=\"height:30px\" aria-hidden=\"true\" class=\"wp-block-spacer\"><\/div>\n<p><img loading=\"lazy\" decoding=\"async\" class=\"alignnone wp-image-6029\" src=\"https:\/\/comunitamagnificat.org\/wp-content\/uploads\/2021\/04\/Giosue-01-1.jpg\" alt=\"\" width=\"421\" height=\"300\"> <img loading=\"lazy\" decoding=\"async\" class=\"alignnone size-full wp-image-6026\" src=\"https:\/\/comunitamagnificat.org\/wp-content\/uploads\/2021\/04\/Giosue07.jpg\" alt=\"\" width=\"225\" height=\"300\"> <img loading=\"lazy\" decoding=\"async\" class=\"alignnone wp-image-6024\" src=\"https:\/\/comunitamagnificat.org\/wp-content\/uploads\/2021\/04\/Giosue-04.jpg\" alt=\"\" width=\"398\" height=\"300\"> <img loading=\"lazy\" decoding=\"async\" class=\"alignnone size-full wp-image-6025\" src=\"https:\/\/comunitamagnificat.org\/wp-content\/uploads\/2021\/04\/Giosue-05.jpg\" alt=\"\" width=\"225\" height=\"300\"> <img loading=\"lazy\" decoding=\"async\" class=\"alignnone size-full wp-image-6023\" src=\"https:\/\/comunitamagnificat.org\/wp-content\/uploads\/2021\/04\/Giosue-03.jpg\" alt=\"\" width=\"257\" height=\"300\"> <img loading=\"lazy\" decoding=\"async\" class=\"wp-image-6022 alignright\" src=\"https:\/\/comunitamagnificat.org\/wp-content\/uploads\/2021\/04\/Giosue-02.jpg\" alt=\"\" width=\"437\" height=\"299\"><\/p>\n\n<div style=\"height:30px\" aria-hidden=\"true\" class=\"wp-block-spacer\"><\/div>\n\n<p>Dos j\u00f3venes de sonrisa soleada y car\u00e1cter abierto: son los nuevos sacerdotes de Perusa, Giosu\u00e8 Busti, de 31 a\u00f1os, y Giordano Commodi, de 39, que fueron ordenados por el cardenal Gualtiero Bassetti el s\u00e1bado 29 de junio en la catedral de San Lorenzo.<\/p>\n\n<p><strong>Joshua<\/strong>, al que hemos visto crecer, es uno de los tres hijos de Gabriella -a quien Dios llam\u00f3 a la Comunidad Magnificat de entre los de la primera hora- y Rolando -conocido como \u00abRambo\u00bb por ser \u00abs\u00ed-s\u00ed y no-no\u00bb, franco e intransigente-, que con Gabriella forma parte de la Fraternidad Betania de Perusa.<\/p>\n\n<p>\u00c9l, Joshua, es miembro aliado de la fraternidad Elce-Perugia.<\/p>\n\n<p>Vivaz y alegre, profundo pero sencillo, su presencia en las reuniones de la comunidad marca la diferencia.<\/p>\n\n<p>En una entrevista cuenta: \u00abDescubr\u00ed mi vocaci\u00f3n durante mi carrera universitaria, a trav\u00e9s de la Comunidad Magnificat de Elce y del servicio en la Pastoral Juvenil Diocesana, trabajando, como joven entre j\u00f3venes, junto a los sacerdotes responsables.<\/p>\n\n<p>Con naturalidad habla de una llamada que se abri\u00f3 paso en su coraz\u00f3n, haci\u00e9ndole sentir el \u00abdeseo de entregarle toda mi vida, de un modo especial, para devolverle gratuitamente todo lo que hab\u00eda recibido gratuitamente\u00bb.<\/p>\n\n<p>As\u00ed, tras licenciarse en Ciencias Pol\u00edticas, ingres\u00f3 en el Seminario.\n\u00abLos a\u00f1os en el seminario me sirvieron para madurar una opci\u00f3n m\u00e1s consciente y me ayudaron en mi camino de crecimiento humano, as\u00ed como en mi conocimiento cada vez m\u00e1s profundo de la belleza y las dificultades de la vida sacerdotal\u00bb. <\/p>\n\n<p>Tras sus seis a\u00f1os de formaci\u00f3n en el Pontificio Seminario Regional de Umbr\u00eda, fue ordenado di\u00e1cono en septiembre de 2018 y recibido en el Colegio Capranica de Roma para continuar sus estudios con la Licenciatura en Derecho Can\u00f3nico en la Pontificia Universidad Gregoriana.<\/p>\n\n<p><strong>Giordano: <\/strong>una vocaci\u00f3n que se remonta a la experiencia de los primeros ap\u00f3stoles que, a orillas del lago de Galilea, abandonaron sus redes para seguir al Maestro.\n\u00abMe faltaban pocos ex\u00e1menes para licenciarme en Qu\u00edmica y Tecnolog\u00eda Farmac\u00e9utica y ya llevaba cinco a\u00f1os trabajando en una farmacia -cuenta- cuando, tras el paseo de los 10 Mandamientos que me hab\u00eda devuelto a Dios, entr\u00e9 en la vida de la parroquia de Castel del Piano y m\u00e1s tarde lo dej\u00e9 todo por Jes\u00fas.\nDe hecho, en mi participaci\u00f3n activa en las actividades parroquiales, incluidas las peregrinaciones, la catequesis y los servicios, \u00abcreci\u00f3 en m\u00ed el deseo de darme, de gastar mi vida totalmente por los dem\u00e1s, y me di cuenta de que cuanto m\u00e1s me daba, m\u00e1s recib\u00eda\u00bb.  <\/p>\n\n<p>Hermosas palabras que nos tocan profundamente tambi\u00e9n porque Giordano est\u00e1 cerca de la Comunidad Magnificat ya que sirve en la parroquia de S Barnaba en Perugia donde vive nuestra Fraternidad.<\/p>\n\n<p>Durante la homil\u00eda de la celebraci\u00f3n lit\u00fargica de la ordenaci\u00f3n, el Cardenal recomend\u00f3 que la vocaci\u00f3n sacerdotal se mantuviera siempre en el amor de Cristo: \u00abDentro de unos instantes preguntar\u00e9 a los candidatos: &#8216;\u00bfquer\u00e9is uniros cada vez m\u00e1s a Cristo Sumo Sacerdote, que, como v\u00edctima pura, se ofreci\u00f3 al Padre, consagr\u00e1ndoos a Dios para la salvaci\u00f3n de los hombres?&#8217; Y vosotros responder\u00e9is: &#8216;\u00a1s\u00ed, con la ayuda de Dios!\nEn una palabra, \u00a1os <strong>compromet\u00e9is a entregaros a Cristo<\/strong>! \u00bfY qu\u00e9 implica esa entrega?\nSin duda, \u00a1el compromiso de amarle! <strong>Amarle como el todo de vuestra vida. Amarle como Padre, como hermano, como esposo, como amigo&#8230;.. <\/strong>La vida de un sacerdote, en palabras y silencios, en acci\u00f3n o en oraci\u00f3n, debe tejer continuamente la red de este amor.\nY no es un amor de \u00abpiel\u00bb, tumultuoso e inconstante, como el de un adolescente, es un amor tranquilo y fuerte, sereno y capaz de mover la vida, capaz de saciar la vida.\nEs <strong>este amor tan personal por Jesucristo<\/strong> lo que sostiene y motiva nuestro ministerio, lo <strong>que nos convierte en<\/strong> <strong>sacerdotes \u00abconvencidos\u00bb, en sacerdotes que \u00abcreen de verdad\u00bb,<\/strong> como dice la gente <strong>.<\/strong>    <\/p>\n\n<p>El amor a Cristo, queridos hermanos, te har\u00e1 coger la Biblia, te har\u00e1 detenerte, como Mar\u00eda en Betania, sentada a los pies de Cristo, mientras \u00c9l te habla y te mira.<\/p>\n\n<p>El amor a Jes\u00fas os har\u00e1 retomar la Liturgia de las Horas con fidelidad cotidiana, para hablar al esposo con la voz de la esposa, para llevar ante Dios la alabanza, el gemido, la espera, la confesi\u00f3n de fe de nuestro pueblo.<\/p>\n\n<p>El amor a Cristo te har\u00e1 coger libros de teolog\u00eda, de espiritualidad, de liturgia, para conocer mejor al que amamos y para darlo a conocer mejor a aquellos a quienes nos dirigimos.\nDebes, por amor a Cristo, hacer uso de todos los medios de comunicaci\u00f3n para conocer el rostro de la generaci\u00f3n de este tiempo, a la que somos enviados a vigilar y servir con los ojos de Dios. <\/p>\n\n<p>Es <strong>la intensidad del amor a Cristo la que os expropiar\u00e1 del espacio y del tiempo<\/strong>, y os har\u00e1 acercaros con alegr\u00eda y valent\u00eda al camino de los ni\u00f1os, de los j\u00f3venes, de los adultos, de los ancianos de cada generaci\u00f3n para haceros hermanos, para <strong>haceros \u00abtodo a todos\u00bb con el fin de \u00abganar a alguien para la causa del Evangelio\u00bb.<\/strong><\/p>\n\n<p>Sigue siendo la ternura del amor de Jes\u00fas la que os llevar\u00e1 a atravesar toda geograf\u00eda humana, y a ser ciudadanos de las regiones de la alegr\u00eda, as\u00ed como de las del llanto, \u00aba llorar con los que lloran\u00bb y \u00aba re\u00edr con los que r\u00eden\u00bb; a no ocultar vuestro rostro bajo m\u00e1scaras de ocasi\u00f3n, sino a ser en relaci\u00f3n con toda criatura, la visibilidad del rostro del Padre.\nEsto es lo que significa volver a entregarte a Cristo, dejar que \u00c9l llene tu mente, tu coraz\u00f3n, tu cuerpo, tus obras, tus palabras, para que puedas decirle con una verdad sencilla y desarmante: \u00abSe\u00f1or, tu amor vale m\u00e1s que la vida\u00bb. <\/p>\n\n<p>Los dos j\u00f3venes sacerdotes entraron en la Orden Presbiteral con el coraz\u00f3n lleno de gratitud, y su agradecimiento al final de la celebraci\u00f3n fue todo menos formal: a Dios primero, a la Iglesia, a sus familias.<\/p>\n\n<p>A los formadores del seminario, a los p\u00e1rrocos que ayudaron en el servicio, que mostraron concretamente c\u00f3mo el sacerdote gasta sus energ\u00edas con amor por el reba\u00f1o que le ha sido confiado.<\/p>\n\n<p>A nuestro querido amigo Giampiero Morettini, el joven seminarista \u00abhabitado por Cristo\u00bb, que \u00abno te daba la impresi\u00f3n de alguien que ha dejado algo, sino de alguien que ha encontrado a Alguien\u00bb.\nGiampiero, que muri\u00f3 entreg\u00e1ndose al Se\u00f1or en agosto de 2014 tras una intervenci\u00f3n quir\u00fargica, dej\u00f3 una huella viva en todos sus compa\u00f1eros de seminario. <\/p>\n\n<p>Nosotros, los de la Comunidad Magnificat, tambi\u00e9n queremos unirnos a esta acci\u00f3n de gracias, honrados una vez m\u00e1s de poder dar a la Iglesia j\u00f3venes que eligen a Cristo como su primer Amor, que se dedican al Evangelio, que se ponen al servicio de la Iglesia.\nJunto con Josu\u00e9 y Jord\u00e1n, tambi\u00e9n nosotros decimos: devolvamos con alegr\u00eda a Dios lo que nos ha dado. <\/p>\n\n<p class=\"has-text-align-right\"><strong><em>Daniela Rayo<\/em><\/strong><\/p>\n\n<p class=\"has-text-align-left\">(*) Palabras del Cardenal Bassetti en la jornada celebrada en recuerdo de Giampiero Morettini el 1 de junio de 2016.<\/p>\n","protected":false},"excerpt":{"rendered":"<p>La Comunidad Magnificat celebra con toda la Iglesia de Perugia la ordenaci\u00f3n sacerdotal de Josu\u00e9 y Jord\u00e1n Dos j\u00f3venes de sonrisa soleada y car\u00e1cter abierto: son los nuevos sacerdotes de Perusa, Giosu\u00e8 Busti, de 31 a\u00f1os, y Giordano Commodi, de 39, que fueron ordenados por el cardenal Gualtiero Bassetti el s\u00e1bado 29 de junio en [&hellip;]<\/p>\n","protected":false},"author":4,"featured_media":11427,"comment_status":"open","ping_status":"closed","sticky":false,"template":"","format":"standard","meta":{"om_disable_all_campaigns":false,"_monsterinsights_skip_tracking":false,"_monsterinsights_sitenote_active":false,"_monsterinsights_sitenote_note":"","_monsterinsights_sitenote_category":0,"_uf_show_specific_survey":0,"_uf_disable_surveys":false,"footnotes":""},"categories":[147],"tags":[148,149,150,151],"class_list":["post-18526","post","type-post","status-publish","format-standard","has-post-thumbnail","hentry","category-articulos","tag-gioradano-es","tag-joshua","tag-perugia-es","tag-sacerdotes"],"aioseo_notices":[],"_links":{"self":[{"href":"https:\/\/comunitamagnificat.org\/es\/wp-json\/wp\/v2\/posts\/18526","targetHints":{"allow":["GET"]}}],"collection":[{"href":"https:\/\/comunitamagnificat.org\/es\/wp-json\/wp\/v2\/posts"}],"about":[{"href":"https:\/\/comunitamagnificat.org\/es\/wp-json\/wp\/v2\/types\/post"}],"author":[{"embeddable":true,"href":"https:\/\/comunitamagnificat.org\/es\/wp-json\/wp\/v2\/users\/4"}],"replies":[{"embeddable":true,"href":"https:\/\/comunitamagnificat.org\/es\/wp-json\/wp\/v2\/comments?post=18526"}],"version-history":[{"count":1,"href":"https:\/\/comunitamagnificat.org\/es\/wp-json\/wp\/v2\/posts\/18526\/revisions"}],"predecessor-version":[{"id":18529,"href":"https:\/\/comunitamagnificat.org\/es\/wp-json\/wp\/v2\/posts\/18526\/revisions\/18529"}],"wp:featuredmedia":[{"embeddable":true,"href":"https:\/\/comunitamagnificat.org\/es\/wp-json\/wp\/v2\/media\/11427"}],"wp:attachment":[{"href":"https:\/\/comunitamagnificat.org\/es\/wp-json\/wp\/v2\/media?parent=18526"}],"wp:term":[{"taxonomy":"category","embeddable":true,"href":"https:\/\/comunitamagnificat.org\/es\/wp-json\/wp\/v2\/categories?post=18526"},{"taxonomy":"post_tag","embeddable":true,"href":"https:\/\/comunitamagnificat.org\/es\/wp-json\/wp\/v2\/tags?post=18526"}],"curies":[{"name":"wp","href":"https:\/\/api.w.org\/{rel}","templated":true}]}}