{"id":18544,"date":"2024-08-22T18:14:43","date_gmt":"2024-08-22T16:14:43","guid":{"rendered":"https:\/\/comunitamagnificat.org\/2024\/08\/22\/directores-generales-elegidos\/"},"modified":"2024-08-22T18:14:57","modified_gmt":"2024-08-22T16:14:57","slug":"directores-generales-elegidos","status":"publish","type":"post","link":"https:\/\/comunitamagnificat.org\/es\/directores-generales-elegidos\/","title":{"rendered":"Directores Generales elegidos"},"content":{"rendered":"\n<p>El domingo 10 de febrero de 2019, en Roma, la Asamblea General de la Comunidad Magnificat, compuesta por los Ancianos y Moderadores de las Fraternidades y Zonas que la componen, eligi\u00f3 a los nuevos Responsables Generales que ejercer\u00e1n sus funciones durante el trienio 2019-2022.<\/p>\n\n<p>Fueron elegidos: <em>Giuseppe Piegai<\/em>, <em>Maria Rita Castellani<\/em>, <em>Stefano Ragnacci<\/em>, <em>Teresa Ciociola <\/em>y <em>Vicenzo Genovese<\/em>.<\/p>\n\n<p>La cincuentena de participantes estaban reunidos desde el d\u00eda anterior.\nEl retiro hab\u00eda comenzado con la Celebraci\u00f3n Eucar\u00edstica, presidida por el padre Victor-Emilian Dumitrescu, consejero espiritual general de la Comunidad Magnificat.\nA continuaci\u00f3n, el moderador general saliente, Daniele Mezzetti, pronunci\u00f3 una alocuci\u00f3n para relatar los tres a\u00f1os de su servicio junto con los dem\u00e1s responsables.\nEl tema de la internacionalizaci\u00f3n de la Comunidad y el acompa\u00f1amiento que est\u00e1 recibiendo del Dicasterio para los Laicos, la Familia y la Vida para la aprobaci\u00f3n del nuevo Estatuto caracterizaron la primera parte.\nA continuaci\u00f3n, Daniel abord\u00f3 el tema de los retos que se perfilan en el horizonte, abriendo para la asamblea un tiempo de amplio intercambio en el que los participantes pudieron aportar sus propias contribuciones para la reflexi\u00f3n.\nLa Adoraci\u00f3n Eucar\u00edstica concluy\u00f3 el primer d\u00eda de retiro.     <\/p>\n\n<p>El domingo por la ma\u00f1ana, el padre V\u00edctor dio una profunda catequesis sobre la escucha de la voluntad de Dios para preparar a la asamblea al paso de la elecci\u00f3n de los nuevos dirigentes, que tuvo lugar durante la presencia de Jes\u00fas Eucarist\u00eda solemnemente expuesto.<\/p>\n\n<p>Tambi\u00e9n fueron elegidos los siete miembros del consejo general que apoyar\u00e1n a los directores generales durante los pr\u00f3ximos tres a\u00f1os: Andrea Orsini, Luigi Montesi, Susanna Bettelli, Oreste Pesare, Daniele Mezzetti, Francesco Fressoia y Massimo Roscini.<\/p>\n\n<p>La ma\u00f1ana concluy\u00f3 con la celebraci\u00f3n eucar\u00edstica presidida por el P. Luca Bartoccini.\nEl Evangelio del d\u00eda, tomado del Evangelio de Lucas, result\u00f3 particularmente esclarecedor: \u00abCuando termin\u00f3 de hablar, dijo a Sim\u00f3n: &#8216;Sal al mar y echa las redes para pescar&#8217;. <\/p>\n\n<p>Que la Comunidad Magnificat responda plenamente, como Sim\u00f3n Pedro, a la invitaci\u00f3n del Se\u00f1or:<em>\u00abSobre su Palabra echar\u00e9 las redes<\/em>\u00bb y corresponda cada vez m\u00e1s a la llamada que el Se\u00f1or hace a los suyos<em>\u00abId por todo el mundo y predicad el Evangelio a toda criatura<\/em>\u00bb (Marcos, 16.15).<\/p>\n\n<div class=\"wp-block-image\"><figure class=\"aligncenter\"><picture data-lightbox=\"\"><img decoding=\"async\" src=\"https:\/\/old.comunitamagnificat.org\/wp-content\/uploads\/2019\/02\/WhatsApp-Image-2019-02-13-at-15.59.371-1024x768.jpeg\" alt=\"Imagen de WhatsApp 2019-02-13 a las 15.59.37(1)\" class=\"wp-image-5459\"\/><\/picture><\/figure><\/div>\n\n<div class=\"wp-block-image\"><figure class=\"aligncenter\"><picture data-lightbox=\"\"><img decoding=\"async\" src=\"https:\/\/old.comunitamagnificat.org\/wp-content\/uploads\/2019\/02\/WhatsApp-Image-2019-02-13-at-15.59.37-1024x768.jpeg\" alt=\"Imagen de WhatsApp 2019-02-13 a las 15.59.37\" class=\"wp-image-5461\"\/><\/picture><\/figure><\/div>\n\n<div class=\"wp-block-image\"><figure class=\"aligncenter\"><picture data-lightbox=\"\"><img decoding=\"async\" src=\"https:\/\/old.comunitamagnificat.org\/wp-content\/uploads\/2019\/02\/WhatsApp-Image-2019-02-13-at-15.59.381-1024x768.jpeg\" alt=\"Imagen de WhatsApp 2019-02-13 a las 15.59.38(1)\" class=\"wp-image-5462\"\/><\/picture><\/figure><\/div>\n\n<div class=\"wp-block-image\"><figure class=\"aligncenter\"><picture data-lightbox=\"\"><img decoding=\"async\" src=\"https:\/\/old.comunitamagnificat.org\/wp-content\/uploads\/2019\/02\/WhatsApp-Image-2019-02-13-at-15.59.382-1024x580.jpeg\" alt=\"Imagen de WhatsApp 2019-02-13 a las 15.59.38(2)\" class=\"wp-image-5463\"\/><\/picture><\/figure><\/div>\n\n<div class=\"wp-block-image\"><figure class=\"aligncenter\"><picture data-lightbox=\"\"><img decoding=\"async\" src=\"https:\/\/old.comunitamagnificat.org\/wp-content\/uploads\/2019\/02\/WhatsApp-Image-2019-02-13-at-15.59.38-1024x768.jpeg\" alt=\"Imagen de WhatsApp 2019-02-13 a las 15.59.38\" class=\"wp-image-5464\"\/><\/picture><\/figure><\/div>\n\n<div style=\"height:50px\" aria-hidden=\"true\" class=\"wp-block-spacer\"><\/div>\n","protected":false},"excerpt":{"rendered":"<p>El domingo 10 de febrero de 2019, en Roma, la Asamblea General de la Comunidad Magnificat, compuesta por los Ancianos y Moderadores de las Fraternidades y Zonas que la componen, eligi\u00f3 a los nuevos Responsables Generales que ejercer\u00e1n sus funciones durante el trienio 2019-2022. Fueron elegidos: Giuseppe Piegai, Maria Rita Castellani, Stefano Ragnacci, Teresa Ciociola [&hellip;]<\/p>\n","protected":false},"author":4,"featured_media":11467,"comment_status":"open","ping_status":"closed","sticky":false,"template":"","format":"standard","meta":{"om_disable_all_campaigns":false,"_monsterinsights_skip_tracking":false,"_monsterinsights_sitenote_active":false,"_monsterinsights_sitenote_note":"","_monsterinsights_sitenote_category":0,"_uf_show_specific_survey":0,"_uf_disable_surveys":false,"footnotes":""},"categories":[147,124],"tags":[139,183,184,185,186,187,188],"class_list":["post-18544","post","type-post","status-publish","format-standard","has-post-thumbnail","hentry","category-articulos","category-noticias","tag-directores-generales","tag-elecciones","tag-giuseppe-piegai-es","tag-maria-rita-castellani-es","tag-stefano-ragnacci-es","tag-teresa-ciociola-es","tag-vincenzo-genovese-es"],"aioseo_notices":[],"_links":{"self":[{"href":"https:\/\/comunitamagnificat.org\/es\/wp-json\/wp\/v2\/posts\/18544","targetHints":{"allow":["GET"]}}],"collection":[{"href":"https:\/\/comunitamagnificat.org\/es\/wp-json\/wp\/v2\/posts"}],"about":[{"href":"https:\/\/comunitamagnificat.org\/es\/wp-json\/wp\/v2\/types\/post"}],"author":[{"embeddable":true,"href":"https:\/\/comunitamagnificat.org\/es\/wp-json\/wp\/v2\/users\/4"}],"replies":[{"embeddable":true,"href":"https:\/\/comunitamagnificat.org\/es\/wp-json\/wp\/v2\/comments?post=18544"}],"version-history":[{"count":1,"href":"https:\/\/comunitamagnificat.org\/es\/wp-json\/wp\/v2\/posts\/18544\/revisions"}],"predecessor-version":[{"id":18545,"href":"https:\/\/comunitamagnificat.org\/es\/wp-json\/wp\/v2\/posts\/18544\/revisions\/18545"}],"wp:featuredmedia":[{"embeddable":true,"href":"https:\/\/comunitamagnificat.org\/es\/wp-json\/wp\/v2\/media\/11467"}],"wp:attachment":[{"href":"https:\/\/comunitamagnificat.org\/es\/wp-json\/wp\/v2\/media?parent=18544"}],"wp:term":[{"taxonomy":"category","embeddable":true,"href":"https:\/\/comunitamagnificat.org\/es\/wp-json\/wp\/v2\/categories?post=18544"},{"taxonomy":"post_tag","embeddable":true,"href":"https:\/\/comunitamagnificat.org\/es\/wp-json\/wp\/v2\/tags?post=18544"}],"curies":[{"name":"wp","href":"https:\/\/api.w.org\/{rel}","templated":true}]}}