{"id":18559,"date":"2024-08-22T18:15:35","date_gmt":"2024-08-22T16:15:35","guid":{"rendered":"https:\/\/comunitamagnificat.org\/2024\/08\/22\/18a-convencion-general\/"},"modified":"2024-08-22T18:15:56","modified_gmt":"2024-08-22T16:15:56","slug":"18a-convencion-general","status":"publish","type":"post","link":"https:\/\/comunitamagnificat.org\/es\/18a-convencion-general\/","title":{"rendered":"18\u00aa Convenci\u00f3n General"},"content":{"rendered":"\n<p>  Bendiciones y gracia de nuevo este a\u00f1o en la 18\u00aa Convenci\u00f3n General de la Comunidad Magnificat.\nA continuaci\u00f3n encontrar\u00e1s todos los discursos del retiro en formato de audio mp3 que puedes escuchar en l\u00ednea o descargar.\nGracias de coraz\u00f3n a todos los que participaron y a todos los que hicieron posible este encuentro tan especial.\n\u00a1Que el Se\u00f1or nos bendiga!   <\/p>\n\n<div style=\"height:50px\" aria-hidden=\"true\" class=\"wp-block-spacer\"><\/div>\n\n<div class=\"wp-block-columns is-layout-flex wp-container-core-columns-is-layout-9d6595d7 wp-block-columns-is-layout-flex\">\n<div class=\"wp-block-column is-layout-flow wp-block-column-is-layout-flow\" style=\"flex-basis:15%\"><\/div>\n\n\n\n<div class=\"wp-block-column is-layout-flow wp-block-column-is-layout-flow\">\n<figure class=\"wp-block-image size-large\"><picture data-lightbox=\"https:\/\/comunitamagnificat.org\/wp-content\/uploads\/2018\/01\/XVII-convegno.jpg\"><source type='image\/jpeg' srcset='https:\/\/comunitamagnificat.org\/wp-content\/uploads\/2018\/01\/XVII-convegno.jpg 2466w, https:\/\/comunitamagnificat.org\/wp-content\/uploads\/2018\/01\/XVII-convegno-300x148.jpg 300w, https:\/\/comunitamagnificat.org\/wp-content\/uploads\/2018\/01\/XVII-convegno-1024x507.jpg 1024w, https:\/\/comunitamagnificat.org\/wp-content\/uploads\/2018\/01\/XVII-convegno-768x380.jpg 768w, https:\/\/comunitamagnificat.org\/wp-content\/uploads\/2018\/01\/XVII-convegno-1536x760.jpg 1536w, https:\/\/comunitamagnificat.org\/wp-content\/uploads\/2018\/01\/XVII-convegno-2048x1013.jpg 2048w' sizes='(max-width: 2466px) 100vw, 2466px' \/><img loading=\"lazy\" decoding=\"async\" width=\"1024\" height=\"507\" src=\"https:\/\/comunitamagnificat.org\/wp-content\/uploads\/2018\/01\/XVII-convegno-1024x507.jpg\" alt=\"\" class=\"wp-image-6089\"\/><\/picture><\/figure>\n<\/div>\n\n\n\n<div class=\"wp-block-column is-layout-flow wp-block-column-is-layout-flow\" style=\"flex-basis:15%\"><\/div>\n<\/div>\n\n<div style=\"height:30px\" aria-hidden=\"true\" class=\"wp-block-spacer\"><\/div>\n\n<p class=\"has-text-align-left\">JUEVES 4 DE ENERO<\/p>\n\n<div style=\"height:30px\" aria-hidden=\"true\" class=\"wp-block-spacer\"><\/div>\n\n<p><a href=\"https:\/\/old.comunitamagnificat.org\/wp-content\/uploads\/large\/MonteSilvano\/2018\/001-Omelia%20Padre%20Victor.mp3\">Homil\u00eda: <em>Padre Victor Emilian Dumitrescu<\/em><\/a><br\/><a href=\"https:\/\/old.comunitamagnificat.org\/wp-content\/uploads\/large\/MonteSilvano\/2018\/002-Introduzione%20Andrea%20Orsini.mp3\">Introducci\u00f3n a la Conferencia: <em>Andrea Orsini<\/em><\/a><\/p>\n\n<div style=\"height:30px\" aria-hidden=\"true\" class=\"wp-block-spacer\"><\/div>\n\n<p class=\"has-text-align-left\">VIERNES 5 DE ENERO<\/p>\n\n<div style=\"height:30px\" aria-hidden=\"true\" class=\"wp-block-spacer\"><\/div>\n\n<p><a href=\"https:\/\/old.comunitamagnificat.org\/wp-content\/uploads\/large\/MonteSilvano\/2018\/003-Omelia%20Padre%20Anton%20-%20Omelia.mp3\">Homil\u00eda: <em>Padre Anton<\/em> <em>Bulai<\/em><\/a><br\/><a href=\"https:\/\/old.comunitamagnificat.org\/wp-content\/uploads\/large\/MonteSilvano\/2018\/004-Padre%20Victor%20-%20Insegnamento_01.mp3\">1er Tema:<em>\u00abLev\u00e1ntate y l\u00e1nzate al mar<\/em>\u00bb &#8211; <em>Padre Victor-Emilian Dumitrescu<\/em><\/a><br\/><a href=\"https:\/\/old.comunitamagnificat.org\/wp-content\/uploads\/large\/MonteSilvano\/2018\/005-Daniele%20Mezzetti%20-%20Insegnamento_02.mp3\">2\u00ba Tema: \u00abSe\u00f1or, m\u00e1ndame ir a ti sobre las aguas\u00bb &#8211; <em>Daniele Mezzetti<\/em><\/a><\/p>\n\n<div style=\"height:30px\" aria-hidden=\"true\" class=\"wp-block-spacer\"><\/div>\n\n<p class=\"has-text-align-left\">  S\u00c1BADO 6 DE ENERO<\/p>\n\n<div style=\"height:30px\" aria-hidden=\"true\" class=\"wp-block-spacer\"><\/div>\n\n<p><a href=\"https:\/\/old.comunitamagnificat.org\/wp-content\/uploads\/large\/MonteSilvano\/2018\/007-Don%20Epicoco%20-%20Omelia.mp3\">Homil\u00eda: <em>Don Luigi Maria Epicoco<\/em><\/a><br\/><a href=\"https:\/\/old.comunitamagnificat.org\/wp-content\/uploads\/large\/MonteSilvano\/2018\/008-Luigi%20Montesi%20-%20Insegnamento_03.mp3\">3er Tema:<em>\u00abSaliendo del agua, vio el cielo abierto<\/em>\u00bb &#8211; <em>Luigi Montesi<\/em><\/a><br\/><a href=\"https:\/\/old.comunitamagnificat.org\/wp-content\/uploads\/large\/MonteSilvano\/2018\/009-%20Giuseppe%20Piegai%20-%20Insegnamento_04.mp3\">4\u00ba Tema:<em>\u00abEn tu palabra echar\u00e9 mis redes<\/em>\u00bb &#8211; <em>Giuseppe Piegai<\/em><\/a><\/p>\n\n<div style=\"height:50px\" aria-hidden=\"true\" class=\"wp-block-spacer\"><\/div>\n","protected":false},"excerpt":{"rendered":"<p>Bendiciones y gracia de nuevo este a\u00f1o en la 18\u00aa Convenci\u00f3n General de la Comunidad Magnificat. A continuaci\u00f3n encontrar\u00e1s todos los discursos del retiro en formato de audio mp3 que puedes escuchar en l\u00ednea o descargar. Gracias de coraz\u00f3n a todos los que participaron y a todos los que hicieron posible este encuentro tan especial. [&hellip;]<\/p>\n","protected":false},"author":6,"featured_media":11491,"comment_status":"open","ping_status":"closed","sticky":false,"template":"","format":"standard","meta":{"om_disable_all_campaigns":false,"_monsterinsights_skip_tracking":false,"_monsterinsights_sitenote_active":false,"_monsterinsights_sitenote_note":"","_monsterinsights_sitenote_category":0,"_uf_show_specific_survey":0,"_uf_disable_surveys":false,"footnotes":""},"categories":[124],"tags":[],"class_list":["post-18559","post","type-post","status-publish","format-standard","has-post-thumbnail","hentry","category-noticias"],"aioseo_notices":[],"_links":{"self":[{"href":"https:\/\/comunitamagnificat.org\/es\/wp-json\/wp\/v2\/posts\/18559","targetHints":{"allow":["GET"]}}],"collection":[{"href":"https:\/\/comunitamagnificat.org\/es\/wp-json\/wp\/v2\/posts"}],"about":[{"href":"https:\/\/comunitamagnificat.org\/es\/wp-json\/wp\/v2\/types\/post"}],"author":[{"embeddable":true,"href":"https:\/\/comunitamagnificat.org\/es\/wp-json\/wp\/v2\/users\/6"}],"replies":[{"embeddable":true,"href":"https:\/\/comunitamagnificat.org\/es\/wp-json\/wp\/v2\/comments?post=18559"}],"version-history":[{"count":1,"href":"https:\/\/comunitamagnificat.org\/es\/wp-json\/wp\/v2\/posts\/18559\/revisions"}],"predecessor-version":[{"id":18561,"href":"https:\/\/comunitamagnificat.org\/es\/wp-json\/wp\/v2\/posts\/18559\/revisions\/18561"}],"wp:featuredmedia":[{"embeddable":true,"href":"https:\/\/comunitamagnificat.org\/es\/wp-json\/wp\/v2\/media\/11491"}],"wp:attachment":[{"href":"https:\/\/comunitamagnificat.org\/es\/wp-json\/wp\/v2\/media?parent=18559"}],"wp:term":[{"taxonomy":"category","embeddable":true,"href":"https:\/\/comunitamagnificat.org\/es\/wp-json\/wp\/v2\/categories?post=18559"},{"taxonomy":"post_tag","embeddable":true,"href":"https:\/\/comunitamagnificat.org\/es\/wp-json\/wp\/v2\/tags?post=18559"}],"curies":[{"name":"wp","href":"https:\/\/api.w.org\/{rel}","templated":true}]}}