{"id":18613,"date":"2024-08-22T18:17:14","date_gmt":"2024-08-22T16:17:14","guid":{"rendered":"https:\/\/comunitamagnificat.org\/2024\/08\/22\/dia-de-la-comunidad-zona-toscana\/"},"modified":"2024-08-22T18:17:38","modified_gmt":"2024-08-22T16:17:38","slug":"dia-de-la-comunidad-zona-toscana","status":"publish","type":"post","link":"https:\/\/comunitamagnificat.org\/es\/dia-de-la-comunidad-zona-toscana\/","title":{"rendered":"D\u00eda de la Comunidad Zona Toscana"},"content":{"rendered":"\n<blockquote class=\"wp-block-quote is-layout-flow wp-block-quote-is-layout-flow\"><p> <strong><em>Me has dado a conocer tus caminos, me llenar\u00e1s de tu alegr\u00eda con tu presencia<\/em><\/strong><\/p><cite>Hechos 2, 28<\/cite><\/blockquote>\n\n<div style=\"height:30px\" aria-hidden=\"true\" class=\"wp-block-spacer\"><\/div>\n\n<p>El domingo 21 de mayo de 2017 tuvo lugar en Vogognano (Arezzo) la jornada de fraternidad de la Zona Toscana de la Comunidad Magnificat: Bibbiena, Cortona, Magione-Agello, Marti y G\u00e9nova.<\/p>\n\n<div style=\"height:30px\" aria-hidden=\"true\" class=\"wp-block-spacer\"><\/div>\n\n<p>Tras una intensa oraci\u00f3n comunitaria, Luca di Tolve nos cont\u00f3 el encuentro con Cristo en su vida, tras una infancia dif\u00edcil y una juventud pasada como homosexual, el encuentro con la Virgen en Medjugorje y la verdadera Alegr\u00eda de un matrimonio y una hija.<\/p>\n\n<div style=\"height:30px\" aria-hidden=\"true\" class=\"wp-block-spacer\"><\/div>\n\n<p>La catequesis fue impartida por la tarde, antes de la Misa, por el P. Gianni Castorani, de la comunidad de Florencia \u00abCentinelas de la ma\u00f1ana de Pascua\u00bb, una fraternidad creada para responder a la llamada a la Nueva Evangelizaci\u00f3n.\nEl P. Gianni nos hizo meditar atentamente sobre lo que significa permanecer anclados en Cristo para llenarnos de Su Alegr\u00eda y difundirla por el mundo. <\/p>\n\n<div style=\"height:30px\" aria-hidden=\"true\" class=\"wp-block-spacer\"><\/div>\n\n<p>Aqu\u00ed est\u00e1n todas las contribuciones de audio y v\u00eddeo de la jornada, tambi\u00e9n disponibles en el canal Vimeo de la Comunidad.<\/p>\n\n<div style=\"height:30px\" aria-hidden=\"true\" class=\"wp-block-spacer\"><\/div>\n\n<p><strong>Audio &#8211; Testimonio de Luca di Tolve<code> <a href=\"https:\/\/old.comunitamagnificat.org\/large\/bibbiena\/giornate_comunitarie\/vogognano_2017\/Testimonianza_Luca.mp3\">scarica<\/a><\/code><\/strong><br\/><strong>Audio &#8211; Homil\u00eda del P. Gianni Castorani<code> <a href=\"https:\/\/old.comunitamagnificat.org\/large\/bibbiena\/giornate_comunitarie\/vogognano_2017\/Omelia_Don_Gianni.mp3\">scarica<\/a><\/code><\/strong><br\/><strong>Audio &#8211; Catequesis del P. Gianni Castorani<code> <a href=\"https:\/\/old.comunitamagnificat.org\/large\/bibbiena\/giornate_comunitarie\/vogognano_2017\/Don_Gianni.mp3\">scarica<\/a><\/code><\/strong><\/p>\n\n<div style=\"height:30px\" aria-hidden=\"true\" class=\"wp-block-spacer\"><\/div>\n\n<div class=\"wp-block-columns is-layout-flex wp-container-core-columns-is-layout-9d6595d7 wp-block-columns-is-layout-flex\">\n<div class=\"wp-block-column is-layout-flow wp-block-column-is-layout-flow\">\n<figure class=\"wp-block-embed is-type-video is-provider-vimeo wp-block-embed-vimeo wp-embed-aspect-16-9 wp-has-aspect-ratio\"><div class=\"wp-block-embed__wrapper\"> \n<iframe loading=\"lazy\" title=\"Testimonianza di Luca di Tolve\" src=\"https:\/\/player.vimeo.com\/video\/218531214?dnt=1&app_id=122963\" width=\"500\" height=\"281\" frameborder=\"0\" allow=\"autoplay; fullscreen; picture-in-picture; clipboard-write\"><\/iframe>\n <\/div><\/figure>\n<\/div>\n\n\n\n<div class=\"wp-block-column is-layout-flow wp-block-column-is-layout-flow\">\n<figure class=\"wp-block-embed is-type-video is-provider-vimeo wp-block-embed-vimeo wp-embed-aspect-16-9 wp-has-aspect-ratio\"><div class=\"wp-block-embed__wrapper\"> \n<iframe loading=\"lazy\" title=\"Omelia di Don Gianni Castorani\" src=\"https:\/\/player.vimeo.com\/video\/219199203?dnt=1&app_id=122963\" width=\"500\" height=\"281\" frameborder=\"0\" allow=\"autoplay; fullscreen; picture-in-picture; clipboard-write\"><\/iframe>\n <\/div><\/figure>\n<\/div>\n\n\n\n<div class=\"wp-block-column is-layout-flow wp-block-column-is-layout-flow\">\n<figure class=\"wp-block-embed is-type-video is-provider-vimeo wp-block-embed-vimeo wp-embed-aspect-16-9 wp-has-aspect-ratio\"><div class=\"wp-block-embed__wrapper\"> \n<iframe loading=\"lazy\" title=\"Don Gianni Castorani - Mi colmerai di Gioia con la Tua presenza\" src=\"https:\/\/player.vimeo.com\/video\/219049475?dnt=1&app_id=122963\" width=\"500\" height=\"281\" frameborder=\"0\" allow=\"autoplay; fullscreen; picture-in-picture; clipboard-write\"><\/iframe>\n <\/div><\/figure>\n<\/div>\n<\/div>\n\n<div style=\"height:50px\" aria-hidden=\"true\" class=\"wp-block-spacer\"><\/div>\n","protected":false},"excerpt":{"rendered":"<p>Me has dado a conocer tus caminos, me llenar\u00e1s de tu alegr\u00eda con tu presencia Hechos 2, 28 El domingo 21 de mayo de 2017 tuvo lugar en Vogognano (Arezzo) la jornada de fraternidad de la Zona Toscana de la Comunidad Magnificat: Bibbiena, Cortona, Magione-Agello, Marti y G\u00e9nova. Tras una intensa oraci\u00f3n comunitaria, Luca di [&hellip;]<\/p>\n","protected":false},"author":7,"featured_media":11507,"comment_status":"open","ping_status":"closed","sticky":false,"template":"","format":"standard","meta":{"om_disable_all_campaigns":false,"_monsterinsights_skip_tracking":false,"_monsterinsights_sitenote_active":false,"_monsterinsights_sitenote_note":"","_monsterinsights_sitenote_category":0,"_uf_show_specific_survey":0,"_uf_disable_surveys":false,"footnotes":""},"categories":[147,124],"tags":[214,215,216,218,217,219,220,221,222],"class_list":["post-18613","post","type-post","status-publish","format-standard","has-post-thumbnail","hentry","category-articulos","category-noticias","tag-castores","tag-catequesis","tag-comunidad","tag-dia","tag-gianni-es","tag-luca-di-tolve-es","tag-testimonios","tag-toscana-es","tag-zona-es"],"aioseo_notices":[],"_links":{"self":[{"href":"https:\/\/comunitamagnificat.org\/es\/wp-json\/wp\/v2\/posts\/18613","targetHints":{"allow":["GET"]}}],"collection":[{"href":"https:\/\/comunitamagnificat.org\/es\/wp-json\/wp\/v2\/posts"}],"about":[{"href":"https:\/\/comunitamagnificat.org\/es\/wp-json\/wp\/v2\/types\/post"}],"author":[{"embeddable":true,"href":"https:\/\/comunitamagnificat.org\/es\/wp-json\/wp\/v2\/users\/7"}],"replies":[{"embeddable":true,"href":"https:\/\/comunitamagnificat.org\/es\/wp-json\/wp\/v2\/comments?post=18613"}],"version-history":[{"count":1,"href":"https:\/\/comunitamagnificat.org\/es\/wp-json\/wp\/v2\/posts\/18613\/revisions"}],"predecessor-version":[{"id":18615,"href":"https:\/\/comunitamagnificat.org\/es\/wp-json\/wp\/v2\/posts\/18613\/revisions\/18615"}],"wp:featuredmedia":[{"embeddable":true,"href":"https:\/\/comunitamagnificat.org\/es\/wp-json\/wp\/v2\/media\/11507"}],"wp:attachment":[{"href":"https:\/\/comunitamagnificat.org\/es\/wp-json\/wp\/v2\/media?parent=18613"}],"wp:term":[{"taxonomy":"category","embeddable":true,"href":"https:\/\/comunitamagnificat.org\/es\/wp-json\/wp\/v2\/categories?post=18613"},{"taxonomy":"post_tag","embeddable":true,"href":"https:\/\/comunitamagnificat.org\/es\/wp-json\/wp\/v2\/tags?post=18613"}],"curies":[{"name":"wp","href":"https:\/\/api.w.org\/{rel}","templated":true}]}}