{"id":18650,"date":"2024-08-22T18:18:44","date_gmt":"2024-08-22T16:18:44","guid":{"rendered":"https:\/\/comunitamagnificat.org\/2024\/08\/22\/viaje-con-jesus-2016-17\/"},"modified":"2024-08-22T18:19:01","modified_gmt":"2024-08-22T16:19:01","slug":"viaje-con-jesus-2016-17","status":"publish","type":"post","link":"https:\/\/comunitamagnificat.org\/es\/viaje-con-jesus-2016-17\/","title":{"rendered":"Viaje \u00abCon Jes\u00fas\u00bb 2016-17"},"content":{"rendered":"\n<div style=\"height:30px\" aria-hidden=\"true\" class=\"wp-block-spacer\"><\/div>\n\n<p>Esto es: <strong><a rel=\"noopener\" href=\"https:\/\/old.comunitamagnificat.org\/wp-content\/uploads\/large\/site\/Cammino2016-2017.pdf\" target=\"_blank\">El folleto del Camino 2016-2017<\/a><\/strong><\/p>\n\n<div style=\"height:30px\" aria-hidden=\"true\" class=\"wp-block-spacer\"><\/div>\n\n<p>Este es <strong><a title=\"Calendario Esc&#xE9;nico 2016-2017\" rel=\"noopener\" href=\"https:\/\/old.comunitamagnificat.org\/wp-content\/uploads\/large\/site\/CalendariodelCammino2016-2017.pdf\" target=\"_blank\">El Calendario Esc\u00e9nico 2016-2017<\/a><\/strong><\/p>\n\n<div style=\"height:30px\" aria-hidden=\"true\" class=\"wp-block-spacer\"><\/div>\n\n<p>En los pr\u00f3ximos tres a\u00f1os de nuestro camino reflexionaremos sobre la palabra prof\u00e9tica que Tarcisio recibi\u00f3 en abril de 1978:<em>\u00abCon Jes\u00fas, sobre Jes\u00fas, construir<\/em>\u00ab.\nLa Iglesia la consider\u00f3 aut\u00e9nticamente inspirada por Dios, hasta el punto de incluirla en el <em>Pre\u00e1mbulo<\/em> del <em>Estatuto de<\/em> la Comunidad. <\/p>\n\n<div style=\"height:30px\" aria-hidden=\"true\" class=\"wp-block-spacer\"><\/div>\n\n<p>En este primer a\u00f1o reflexionaremos y debatiremos sobre la primera parte de la frase,<em>\u00abCon<\/em><em>Jes\u00fas<\/em>\u00ab, en 2017-2018 sobre la segunda,<em>\u00abSobre Jes\u00fas<\/em>\u00ab, y en 2018-2019 sobre el imperativo final,<em>\u00abConstruir<\/em>\u00ab.<\/p>\n\n<div style=\"height:30px\" aria-hidden=\"true\" class=\"wp-block-spacer\"><\/div>\n\n<p>Una palabra que nos impact\u00f3 inmediatamente y nos hizo reflexionar, al comienzo del viaje de discernimiento que emprendimos, fue \u00e9sta: \u00ab<em>Vino un hombre enviado por Dios: se llamaba Juan.\nVino como testigo para dar testimonio de la luz, a fin de que todos creyesen por medio de \u00e9l <\/em>\u00ab.<\/p>\n\n<div style=\"height:30px\" aria-hidden=\"true\" class=\"wp-block-spacer\"><\/div>\n\n<p>Junto con otras que aclaraban su significado espiritual, sentimos que a trav\u00e9s de ella el Se\u00f1or nos comunicaba su necesidad cada vez m\u00e1s urgente de hacer de nosotros hombres y mujeres \u00abde Dios\u00bb, que le pertenezcamos plenamente, sin reservas, para poder enviarnos, de forma cre\u00edble, a dar testimonio de la luz.\nEs como si nos hubiera transmitido su urgencia por ver florecer nuestra vocaci\u00f3n, porque tiene una fuerte necesidad de utilizarnos en beneficio de un mundo que se hunde cada vez m\u00e1s en las tinieblas del alejamiento de la luz resplandeciente de Dios. <\/p>\n\n<div style=\"height:30px\" aria-hidden=\"true\" class=\"wp-block-spacer\"><\/div>\n\n<p>Si el horizonte hacia el que nos mov\u00edamos parec\u00eda claro -el de ayudar a la Comunidad a entregarse a la evangelizaci\u00f3n-, por otra parte recibimos tambi\u00e9n una exhortaci\u00f3n precisa a invitar a toda la Comunidad a \u00abponerse en serio\u00bb, a tomar de nuevo en sus manos sus opciones de vida y -tras examinarlas con franqueza- decidirse de nuevo a vivir su vocaci\u00f3n, sin m\u00e1s timideces, frenos ni expectativas, sino de todo coraz\u00f3n.<\/p>\n\n<div style=\"height:30px\" aria-hidden=\"true\" class=\"wp-block-spacer\"><\/div>\n\n<p>De nuevo, entre las indicaciones que hemos recibido, hemos o\u00eddo del Se\u00f1or una invitaci\u00f3n muy insistente a \u00abestar con \u00e9l\u00bb, a acercarnos \u00abm\u00e1s\u00bb a \u00e9l, para que podamos recibir de \u00e9l toda la gracia necesaria, todo el amor indispensable, para realizar lo que nos pide.\nPor ejemplo, hemos recibido esta exhortaci\u00f3n prof\u00e9tica: \u00abEs necesario que la Comunidad vuelva a doblar las rodillas ante Dios, a adorarle, a vivir en su presencia\u00bb; luego esta otra: mediante una imagen: \u00abJes\u00fas est\u00e1 sentado y nosotros estamos sentados cerca de \u00e9l, pero nos invita: \u00abAcercaos a m\u00ed\u00bb\u00bb. <\/p>\n\n<div style=\"height:30px\" aria-hidden=\"true\" class=\"wp-block-spacer\"><\/div>\n\n<p>En primer lugar, nos ocuparemos de \u00abvolver a la fuente\u00bb.\nEn este primer a\u00f1o, de hecho, con la ayuda de seis pasajes evang\u00e9licos, queremos volver a estar \u00abcon Jes\u00fas\u00bb.\nUna lectura deliberadamente sencilla de los textos, inmediata, sin grandes arrebatos exeg\u00e9ticos, para que lo que el Se\u00f1or hace o propone en esos pasajes se convierta inmediatamente en objeto de una decisi\u00f3n por nuestra parte, para encarnarlo.  <\/p>\n\n<div style=\"height:30px\" aria-hidden=\"true\" class=\"wp-block-spacer\"><\/div>\n\n<p>Sentimos fuertemente cu\u00e1nto desea Dios que pasemos de las buenas intenciones a los hechos.\nNo nos faltar\u00e1 su ayuda para hacerlo, si no nos falta nuestra decisi\u00f3n de obedecerle. <\/p>\n\n<div style=\"height:30px\" aria-hidden=\"true\" class=\"wp-block-spacer\"><\/div>\n\n<p>\u00a1Feliz viaje a todos, queridos hermanos y hermanas!<\/p>\n\n<div style=\"height:30px\" aria-hidden=\"true\" class=\"wp-block-spacer\"><\/div>\n\n<p class=\"has-text-align-right\"><em>Directores Generales<\/em><\/p>\n\n<div style=\"height:50px\" aria-hidden=\"true\" class=\"wp-block-spacer\"><\/div>\n","protected":false},"excerpt":{"rendered":"<p>Esto es: El folleto del Camino 2016-2017 Este es El Calendario Esc\u00e9nico 2016-2017 En los pr\u00f3ximos tres a\u00f1os de nuestro camino reflexionaremos sobre la palabra prof\u00e9tica que Tarcisio recibi\u00f3 en abril de 1978:\u00abCon Jes\u00fas, sobre Jes\u00fas, construir\u00ab. La Iglesia la consider\u00f3 aut\u00e9nticamente inspirada por Dios, hasta el punto de incluirla en el Pre\u00e1mbulo del Estatuto [&hellip;]<\/p>\n","protected":false},"author":1,"featured_media":11591,"comment_status":"open","ping_status":"closed","sticky":false,"template":"","format":"standard","meta":{"om_disable_all_campaigns":false,"_monsterinsights_skip_tracking":false,"_monsterinsights_sitenote_active":false,"_monsterinsights_sitenote_note":"","_monsterinsights_sitenote_category":0,"_uf_show_specific_survey":0,"_uf_disable_surveys":false,"footnotes":""},"categories":[124],"tags":[],"class_list":["post-18650","post","type-post","status-publish","format-standard","has-post-thumbnail","hentry","category-noticias"],"aioseo_notices":[],"_links":{"self":[{"href":"https:\/\/comunitamagnificat.org\/es\/wp-json\/wp\/v2\/posts\/18650","targetHints":{"allow":["GET"]}}],"collection":[{"href":"https:\/\/comunitamagnificat.org\/es\/wp-json\/wp\/v2\/posts"}],"about":[{"href":"https:\/\/comunitamagnificat.org\/es\/wp-json\/wp\/v2\/types\/post"}],"author":[{"embeddable":true,"href":"https:\/\/comunitamagnificat.org\/es\/wp-json\/wp\/v2\/users\/1"}],"replies":[{"embeddable":true,"href":"https:\/\/comunitamagnificat.org\/es\/wp-json\/wp\/v2\/comments?post=18650"}],"version-history":[{"count":1,"href":"https:\/\/comunitamagnificat.org\/es\/wp-json\/wp\/v2\/posts\/18650\/revisions"}],"predecessor-version":[{"id":18652,"href":"https:\/\/comunitamagnificat.org\/es\/wp-json\/wp\/v2\/posts\/18650\/revisions\/18652"}],"wp:featuredmedia":[{"embeddable":true,"href":"https:\/\/comunitamagnificat.org\/es\/wp-json\/wp\/v2\/media\/11591"}],"wp:attachment":[{"href":"https:\/\/comunitamagnificat.org\/es\/wp-json\/wp\/v2\/media?parent=18650"}],"wp:term":[{"taxonomy":"category","embeddable":true,"href":"https:\/\/comunitamagnificat.org\/es\/wp-json\/wp\/v2\/categories?post=18650"},{"taxonomy":"post_tag","embeddable":true,"href":"https:\/\/comunitamagnificat.org\/es\/wp-json\/wp\/v2\/tags?post=18650"}],"curies":[{"name":"wp","href":"https:\/\/api.w.org\/{rel}","templated":true}]}}