{"id":18660,"date":"2024-08-22T18:19:08","date_gmt":"2024-08-22T16:19:08","guid":{"rendered":"https:\/\/comunitamagnificat.org\/2024\/08\/22\/juntos-en-la-puerta-de-la-misericordia\/"},"modified":"2024-08-22T18:19:33","modified_gmt":"2024-08-22T16:19:33","slug":"juntos-en-la-puerta-de-la-misericordia","status":"publish","type":"post","link":"https:\/\/comunitamagnificat.org\/es\/juntos-en-la-puerta-de-la-misericordia\/","title":{"rendered":"Juntos en la puerta de la misericordia"},"content":{"rendered":"\n<div style=\"height:30px\" aria-hidden=\"true\" class=\"wp-block-spacer\"><\/div>\n\n<p><strong>El Jubileo de la Comunidad Magnificat y la Comunidad Magnificat Dominum<\/strong><\/p>\n\n<div style=\"height:30px\" aria-hidden=\"true\" class=\"wp-block-spacer\"><\/div>\n\n<p>El pr\u00f3ximo 3 de septiembre celebraremos, las dos comunidades Magnificat y Magnificat Dominum juntas, el JUBILEO DE MISERICORDIA en Roma.\nSer\u00e1 un momento muy especial, que queremos vivir con todos los miembros y simpatizantes de las dos realidades.\nLa presencia de las dos Comunidades juntas es un signo de reconciliaci\u00f3n hist\u00f3rica: anta\u00f1o parte de una \u00fanica Comunidad, hubo una separaci\u00f3n, en cierto modo muy dolorosa, a finales de 2003, a ra\u00edz de diferencias de visi\u00f3n.\nA pesar de la herida que se cre\u00f3, con el tiempo se dieron pasos concretos de reconciliaci\u00f3n; en los \u00faltimos meses se han multiplicado los esfuerzos y en varias ocasiones hemos podido escuchar la voz del Se\u00f1or que hablaba claramente a los l\u00edderes de las dos Comunidades reunificadas sobre la comuni\u00f3n de corazones.\nLa peregrinaci\u00f3n jubilar se sit\u00faa precisamente en la estela de este proceso de unidad entre las dos Comunidades, bendecido en gran medida por el Se\u00f1or.    <\/p>\n\n<div style=\"height:30px\" aria-hidden=\"true\" class=\"wp-block-spacer\"><\/div>\n\n<p>Por ello, te invitamos a marcar en rojo la fecha del 3 de septiembre en tu calendario: ese d\u00eda todos estamos ocupados.\nTraigamos a familiares, hermanos y hermanas, conocidos y amigos.\nRespondamos con alegr\u00eda a esta invitaci\u00f3n del Se\u00f1or y \u00c9l abundar\u00e1 en bendiciones.  <\/p>\n\n<div style=\"height:30px\" aria-hidden=\"true\" class=\"wp-block-spacer\"><\/div>\n\n<p>En cuanto a la organizaci\u00f3n del acto, he aqu\u00ed algunas noticias.\nNos alegramos de contar con el Cardenal Paul Joseph Cordes como celebrante.\nTambi\u00e9n esperamos la presencia de Michelle Moran, presidenta de la I.C.R.S. Ambos son viejos amigos y admiradores de las dos Comunidades.\nTambi\u00e9n esperamos la presencia de algunos obispos amigos.   <\/p>\n\n<div style=\"height:30px\" aria-hidden=\"true\" class=\"wp-block-spacer\"><\/div>\n\n<p><strong>Nos reuniremos puntualmente en Roma a las 9.30 horas del s\u00e1bado 3 de septiembre.<\/strong><\/p>\n\n<div style=\"height:30px\" aria-hidden=\"true\" class=\"wp-block-spacer\"><\/div>\n\n<p>El esquema del programa es el siguiente:<\/p>\n\n<p><strong>9.30<\/strong> &#8211; Punto de encuentro y bienvenida en la iglesia parroquial de San Gregorio VII Papa (a 700 metros de San Pedro), en Via del Cottolengo 4.\nLa iglesia da a Via Gregorio VII; entra en Roma por Via Aurelia. <\/p>\n\n<p><strong>10 a.m.<\/strong> &#8211; Oraci\u00f3n de la Comunidad Carism\u00e1tica, Ense\u00f1anza, Adoraci\u00f3n Eucar\u00edstica.<\/p>\n\n<p><strong>12.30<\/strong> &#8211; Desayuno en las instalaciones parroquiales adyacentes a la iglesia.<\/p>\n\n<p><strong>14.30 h<\/strong> &#8211; Reuni\u00f3n en los jardines del Castillo de Sant&#8217;Angelo e inicio del recorrido jubilar por la Via della Conciliazione hasta la Puerta Santa de San Pedro.<\/p>\n\n<p><strong>17.00<\/strong> &#8211; Celebraci\u00f3n eucar\u00edstica en el altar de la C\u00e1tedra de la Bas\u00edlica de San Pedro presidida por el Card.\nCordes. <\/p>\n\n<p><strong>18.30<\/strong> &#8211; Saludos y salida.<\/p>\n\n<div style=\"height:30px\" aria-hidden=\"true\" class=\"wp-block-spacer\"><\/div>\n\n<p>Este Jubileo puede ser un momento verdaderamente significativo para nuestro crecimiento espiritual.\nPara ambas Comunidades, supone tambi\u00e9n la coronaci\u00f3n del camino comunitario de este a\u00f1o, centrado en la vida comunitaria como ejercicio continuo de la misericordia. \n<em>\u00abSiempre necesitamos contemplar el misterio de la misericordia. Es fuente de alegr\u00eda, serenidad y paz. Es la condici\u00f3n de nuestra salvaci\u00f3n. Misericordia: es la palabra que revela el misterio de la Sant\u00edsima Trinidad. Misericordia: es el acto \u00faltimo y supremo con el que Dios viene a nosotros. Misericordia: es la ley fundamental que habita en el coraz\u00f3n de cada persona cuando mira con ojos sinceros al hermano que encuentra en el camino de la vida. Misericordia: es el camino que une a Dios y al hombre, porque abre el coraz\u00f3n a la esperanza de ser amados para siempre a pesar de la limitaci\u00f3n de nuestro pecado\u00bb.<\/em>\nCon estas palabras, el Papa subraya c\u00f3mo el camino de la misericordia tiene su origen en Dios que se inclina hacia nosotros, y luego contin\u00faa en nosotros cuando nos inclinamos hacia nuestros hermanos y hermanas.\nPara nuestras Comunidades, tanto de Alianza como fundadas en los carismas de la evangelizaci\u00f3n y el culto, la llamada jubilar a la misericordia nos ha recordado este a\u00f1o lo importante que es \u00abensuciarnos las manos\u00bb con nuestros hermanos y hermanas.\nEs una oportunidad para garantizar que la Misericordia ocupe un lugar firme en nuestros corazones y en los de nuestras Comunidades, como fundamento de nuestras Promesas: Pobreza, Perd\u00f3n Permanente, Construir el Amor, Servicio.     <\/p>\n\n<div style=\"height:30px\" aria-hidden=\"true\" class=\"wp-block-spacer\"><\/div>\n\n<p><strong>Por todo ello, os instamos encarecidamente a que os organic\u00e9is para participar.<\/strong><\/p>\n\n<div style=\"height:30px\" aria-hidden=\"true\" class=\"wp-block-spacer\"><\/div>\n\n<p><strong>Haz todo lo posible por estar libre el 3 de septiembre.\nQue las Fraternidades hagan circular la invitaci\u00f3n no s\u00f3lo entre los Aliados, sino entre todos los Novicios, Disc\u00edpulos, Amigos, Testigos del Esp\u00edritu y simpatizantes; que comiencen inmediatamente a recoger suscripciones y a planificar el viaje en autocar, en coche y en lo que sea necesario para reunirse el 3 de septiembre a las 9.30 en Roma. <\/strong><\/p>\n\n<div style=\"height:30px\" aria-hidden=\"true\" class=\"wp-block-spacer\"><\/div>\n\n<p><strong>N.B. El d\u00eda siguiente, 4 de septiembre, est\u00e1 prevista la canonizaci\u00f3n de la Beata Teresa de Calcuta, y se espera una afluencia considerable de personas.\nPor tanto, recomendamos a las Fraternidades que recojan las inscripciones y organicen los posibles autocares -y, si es necesario, el alojamiento- lo antes posible. <\/strong><\/p>\n\n<div style=\"height:30px\" aria-hidden=\"true\" class=\"wp-block-spacer\"><\/div>\n\n<p class=\"has-text-align-right\"><em>Los Directores Generales de la Comunidad Magnificat y de la Comunidad Magnificat Dominum<\/em><\/p>\n\n<div style=\"height:50px\" aria-hidden=\"true\" class=\"wp-block-spacer\"><\/div>\n","protected":false},"excerpt":{"rendered":"<p>El Jubileo de la Comunidad Magnificat y la Comunidad Magnificat Dominum El pr\u00f3ximo 3 de septiembre celebraremos, las dos comunidades Magnificat y Magnificat Dominum juntas, el JUBILEO DE MISERICORDIA en Roma. Ser\u00e1 un momento muy especial, que queremos vivir con todos los miembros y simpatizantes de las dos realidades. La presencia de las dos Comunidades [&hellip;]<\/p>\n","protected":false},"author":1,"featured_media":11599,"comment_status":"open","ping_status":"closed","sticky":false,"template":"","format":"standard","meta":{"om_disable_all_campaigns":false,"_monsterinsights_skip_tracking":false,"_monsterinsights_sitenote_active":false,"_monsterinsights_sitenote_note":"","_monsterinsights_sitenote_category":0,"_uf_show_specific_survey":0,"_uf_disable_surveys":false,"footnotes":""},"categories":[124],"tags":[248,249],"class_list":["post-18660","post","type-post","status-publish","format-standard","has-post-thumbnail","hentry","category-noticias","tag-jubileo","tag-magnificat-dominum-es"],"aioseo_notices":[],"_links":{"self":[{"href":"https:\/\/comunitamagnificat.org\/es\/wp-json\/wp\/v2\/posts\/18660","targetHints":{"allow":["GET"]}}],"collection":[{"href":"https:\/\/comunitamagnificat.org\/es\/wp-json\/wp\/v2\/posts"}],"about":[{"href":"https:\/\/comunitamagnificat.org\/es\/wp-json\/wp\/v2\/types\/post"}],"author":[{"embeddable":true,"href":"https:\/\/comunitamagnificat.org\/es\/wp-json\/wp\/v2\/users\/1"}],"replies":[{"embeddable":true,"href":"https:\/\/comunitamagnificat.org\/es\/wp-json\/wp\/v2\/comments?post=18660"}],"version-history":[{"count":1,"href":"https:\/\/comunitamagnificat.org\/es\/wp-json\/wp\/v2\/posts\/18660\/revisions"}],"predecessor-version":[{"id":18661,"href":"https:\/\/comunitamagnificat.org\/es\/wp-json\/wp\/v2\/posts\/18660\/revisions\/18661"}],"wp:featuredmedia":[{"embeddable":true,"href":"https:\/\/comunitamagnificat.org\/es\/wp-json\/wp\/v2\/media\/11599"}],"wp:attachment":[{"href":"https:\/\/comunitamagnificat.org\/es\/wp-json\/wp\/v2\/media?parent=18660"}],"wp:term":[{"taxonomy":"category","embeddable":true,"href":"https:\/\/comunitamagnificat.org\/es\/wp-json\/wp\/v2\/categories?post=18660"},{"taxonomy":"post_tag","embeddable":true,"href":"https:\/\/comunitamagnificat.org\/es\/wp-json\/wp\/v2\/tags?post=18660"}],"curies":[{"name":"wp","href":"https:\/\/api.w.org\/{rel}","templated":true}]}}