{"id":18677,"date":"2024-08-22T18:19:51","date_gmt":"2024-08-22T16:19:51","guid":{"rendered":"https:\/\/comunitamagnificat.org\/2024\/08\/22\/todos-seremos-tuyos-oh-cristo\/"},"modified":"2024-08-22T18:20:09","modified_gmt":"2024-08-22T16:20:09","slug":"todos-seremos-tuyos-oh-cristo","status":"publish","type":"post","link":"https:\/\/comunitamagnificat.org\/es\/todos-seremos-tuyos-oh-cristo\/","title":{"rendered":"Todos seremos tuyos, \u00a1oh Cristo!"},"content":{"rendered":"\n<div style=\"height:30px\" aria-hidden=\"true\" class=\"wp-block-spacer\"><\/div>\n\n<p>Un momento de verdadero para\u00edso para todos los que pudieron asistir al funeral de Tarcisio.<\/p>\n\n<div style=\"height:30px\" aria-hidden=\"true\" class=\"wp-block-spacer\"><\/div>\n\n<p>Puedes repasar algunos momentos de la celebraci\u00f3n en la p\u00e1gina de Facebook de la Comunidad Magnificat:  <\/p>\n\n<div style=\"height:30px\" aria-hidden=\"true\" class=\"wp-block-spacer\"><\/div>\n\n<p><a href=\"https:\/\/m.facebook.com\/comunitamagnificat\/\">https:\/\/m.facebook.com\/comunitamagnificat\/<\/a><br\/> <\/p>\n\n<div style=\"height:50px\" aria-hidden=\"true\" class=\"wp-block-spacer\"><\/div>\n","protected":false},"excerpt":{"rendered":"<p>Un momento de verdadero para\u00edso para todos los que pudieron asistir al funeral de Tarcisio. Puedes repasar algunos momentos de la celebraci\u00f3n en la p\u00e1gina de Facebook de la Comunidad Magnificat: https:\/\/m.facebook.com\/comunitamagnificat\/<\/p>\n","protected":false},"author":4,"featured_media":10835,"comment_status":"open","ping_status":"closed","sticky":false,"template":"","format":"standard","meta":{"om_disable_all_campaigns":false,"_monsterinsights_skip_tracking":false,"_monsterinsights_sitenote_active":false,"_monsterinsights_sitenote_note":"","_monsterinsights_sitenote_category":0,"_uf_show_specific_survey":0,"_uf_disable_surveys":false,"footnotes":""},"categories":[124],"tags":[267],"class_list":["post-18677","post","type-post","status-publish","format-standard","has-post-thumbnail","hentry","category-noticias","tag-tarcisio-mezzetti-es"],"aioseo_notices":[],"_links":{"self":[{"href":"https:\/\/comunitamagnificat.org\/es\/wp-json\/wp\/v2\/posts\/18677","targetHints":{"allow":["GET"]}}],"collection":[{"href":"https:\/\/comunitamagnificat.org\/es\/wp-json\/wp\/v2\/posts"}],"about":[{"href":"https:\/\/comunitamagnificat.org\/es\/wp-json\/wp\/v2\/types\/post"}],"author":[{"embeddable":true,"href":"https:\/\/comunitamagnificat.org\/es\/wp-json\/wp\/v2\/users\/4"}],"replies":[{"embeddable":true,"href":"https:\/\/comunitamagnificat.org\/es\/wp-json\/wp\/v2\/comments?post=18677"}],"version-history":[{"count":1,"href":"https:\/\/comunitamagnificat.org\/es\/wp-json\/wp\/v2\/posts\/18677\/revisions"}],"predecessor-version":[{"id":18680,"href":"https:\/\/comunitamagnificat.org\/es\/wp-json\/wp\/v2\/posts\/18677\/revisions\/18680"}],"wp:featuredmedia":[{"embeddable":true,"href":"https:\/\/comunitamagnificat.org\/es\/wp-json\/wp\/v2\/media\/10835"}],"wp:attachment":[{"href":"https:\/\/comunitamagnificat.org\/es\/wp-json\/wp\/v2\/media?parent=18677"}],"wp:term":[{"taxonomy":"category","embeddable":true,"href":"https:\/\/comunitamagnificat.org\/es\/wp-json\/wp\/v2\/categories?post=18677"},{"taxonomy":"post_tag","embeddable":true,"href":"https:\/\/comunitamagnificat.org\/es\/wp-json\/wp\/v2\/tags?post=18677"}],"curies":[{"name":"wp","href":"https:\/\/api.w.org\/{rel}","templated":true}]}}