{"id":18690,"date":"2024-08-22T18:20:15","date_gmt":"2024-08-22T16:20:15","guid":{"rendered":"https:\/\/comunitamagnificat.org\/2024\/08\/22\/directores-generales-elegidos-2\/"},"modified":"2024-08-22T18:20:43","modified_gmt":"2024-08-22T16:20:43","slug":"directores-generales-elegidos-2","status":"publish","type":"post","link":"https:\/\/comunitamagnificat.org\/es\/directores-generales-elegidos-2\/","title":{"rendered":"Directores Generales elegidos"},"content":{"rendered":"\n<div style=\"height:30px\" aria-hidden=\"true\" class=\"wp-block-spacer\"><\/div>\n\n<p>El quinto domingo de Cuaresma del A\u00f1o Santo de la Misericordia, el Cap\u00edtulo de la Comunidad Magnificat eligi\u00f3 <strong>a los nuevos Directores Generales<\/strong> que ejercer\u00e1n su cargo durante el trienio 2016 &#8211; 2019:<\/p>\n\n<p><strong><em>Andrea Orsini<\/em><\/strong>,<strong> <em>Daniele Mezzetti<\/em><\/strong>,<strong> <em>Giuseppe Piegai<\/em><\/strong>,<strong> <\/strong><em><strong>Michele Rossetti<\/strong> <\/em>e<strong> <em>Teresa Ciociola<\/em><\/strong><br\/><br\/>El retiro comenz\u00f3 el s\u00e1bado 12 de marzo y se desarroll\u00f3 en un clima de gran serenidad y unidad, en el que se reserv\u00f3 un gran espacio a la oraci\u00f3n y a la escucha de la voz del Se\u00f1or, y cont\u00f3 con la presencia de los ancianos de la Comunidad y de representantes de todas las Fraternidades en las que no hab\u00eda ning\u00fan anciano.<\/p>\n\n<div style=\"height:30px\" aria-hidden=\"true\" class=\"wp-block-spacer\"><\/div>\n\n<p>El moderador saliente, <strong>Daniele Mezzetti<\/strong>, dio cuenta del mandato cumplido, y despu\u00e9s el Cap\u00edtulo deliber\u00f3 algunas orientaciones sobre la vida de las zonas de la Comunidad para los pr\u00f3ximos tres a\u00f1os.<\/p>\n\n<div style=\"height:30px\" aria-hidden=\"true\" class=\"wp-block-spacer\"><\/div>\n\n<p>El Capito tambi\u00e9n vot\u00f3 a los<strong> miembros elegidos para el Consejo General<\/strong>; fueron elegidos los siguientes mayores: <strong>Francesco Fressoia<\/strong>, <strong>Luigi Montesi<\/strong>, <strong>Massimo Roscini<\/strong>, <strong>Oreste Pesare<\/strong>, <strong>Paolo Bartoccini<\/strong>, <strong>Stefano Ragnacci<\/strong> y <strong>Vincenzo Genovese<\/strong>.<\/p>\n\n<div style=\"height:30px\" aria-hidden=\"true\" class=\"wp-block-spacer\"><\/div>\n\n<p>El retiro termin\u00f3 con la invocaci\u00f3n del Esp\u00edritu Santo sobre los nuevos L\u00edderes Generales.<\/p>\n\n<div style=\"height:30px\" aria-hidden=\"true\" class=\"wp-block-spacer\"><\/div>\n\n<p>En varios momentos, todos los participantes elevaron una poderosa intercesi\u00f3n al Se\u00f1or por Tarcisio Mezzetti, por el delicado momento que atraviesa.<\/p>\n\n<div style=\"height:50px\" aria-hidden=\"true\" class=\"wp-block-spacer\"><\/div>\n","protected":false},"excerpt":{"rendered":"<p>El quinto domingo de Cuaresma del A\u00f1o Santo de la Misericordia, el Cap\u00edtulo de la Comunidad Magnificat eligi\u00f3 a los nuevos Directores Generales que ejercer\u00e1n su cargo durante el trienio 2016 &#8211; 2019: Andrea Orsini, Daniele Mezzetti, Giuseppe Piegai, Michele Rossetti e Teresa Ciociola El retiro comenz\u00f3 el s\u00e1bado 12 de marzo y se desarroll\u00f3 [&hellip;]<\/p>\n","protected":false},"author":4,"featured_media":11615,"comment_status":"open","ping_status":"closed","sticky":false,"template":"","format":"standard","meta":{"om_disable_all_campaigns":false,"_monsterinsights_skip_tracking":false,"_monsterinsights_sitenote_active":false,"_monsterinsights_sitenote_note":"","_monsterinsights_sitenote_category":0,"_uf_show_specific_survey":0,"_uf_disable_surveys":false,"footnotes":""},"categories":[124],"tags":[139],"class_list":["post-18690","post","type-post","status-publish","format-standard","has-post-thumbnail","hentry","category-noticias","tag-directores-generales"],"aioseo_notices":[],"_links":{"self":[{"href":"https:\/\/comunitamagnificat.org\/es\/wp-json\/wp\/v2\/posts\/18690","targetHints":{"allow":["GET"]}}],"collection":[{"href":"https:\/\/comunitamagnificat.org\/es\/wp-json\/wp\/v2\/posts"}],"about":[{"href":"https:\/\/comunitamagnificat.org\/es\/wp-json\/wp\/v2\/types\/post"}],"author":[{"embeddable":true,"href":"https:\/\/comunitamagnificat.org\/es\/wp-json\/wp\/v2\/users\/4"}],"replies":[{"embeddable":true,"href":"https:\/\/comunitamagnificat.org\/es\/wp-json\/wp\/v2\/comments?post=18690"}],"version-history":[{"count":1,"href":"https:\/\/comunitamagnificat.org\/es\/wp-json\/wp\/v2\/posts\/18690\/revisions"}],"predecessor-version":[{"id":18692,"href":"https:\/\/comunitamagnificat.org\/es\/wp-json\/wp\/v2\/posts\/18690\/revisions\/18692"}],"wp:featuredmedia":[{"embeddable":true,"href":"https:\/\/comunitamagnificat.org\/es\/wp-json\/wp\/v2\/media\/11615"}],"wp:attachment":[{"href":"https:\/\/comunitamagnificat.org\/es\/wp-json\/wp\/v2\/media?parent=18690"}],"wp:term":[{"taxonomy":"category","embeddable":true,"href":"https:\/\/comunitamagnificat.org\/es\/wp-json\/wp\/v2\/categories?post=18690"},{"taxonomy":"post_tag","embeddable":true,"href":"https:\/\/comunitamagnificat.org\/es\/wp-json\/wp\/v2\/tags?post=18690"}],"curies":[{"name":"wp","href":"https:\/\/api.w.org\/{rel}","templated":true}]}}