{"id":18730,"date":"2024-08-22T18:21:50","date_gmt":"2024-08-22T16:21:50","guid":{"rendered":"https:\/\/comunitamagnificat.org\/2024\/08\/22\/iii-retiro-mundial-de-sacerdotes\/"},"modified":"2024-08-22T18:22:25","modified_gmt":"2024-08-22T16:22:25","slug":"iii-retiro-mundial-de-sacerdotes","status":"publish","type":"post","link":"https:\/\/comunitamagnificat.org\/es\/iii-retiro-mundial-de-sacerdotes\/","title":{"rendered":"III Retiro Mundial de Sacerdotes"},"content":{"rendered":"\n<div style=\"height:30px\" aria-hidden=\"true\" class=\"wp-block-spacer\"><\/div>\n\n<p>Gracias a la amable colaboraci\u00f3n con la Plataforma de Streaming MariaTv.it, puedes seguir aqu\u00ed la retransmisi\u00f3n en directo de la participaci\u00f3n <strong>del Papa Francisco en el III Retiro Mundial para Sacerdotes de la <em>Renovaci\u00f3n Carism\u00e1tica<\/em> Cat\u00f3lica, a partir de las 16.30 con la <\/strong><strong style=\"color: #2e1200;\">meditaci\u00f3n sobre el tema \u00abTransformados por el amor y para el amor\u00bb.<\/strong><\/p>\n\n<div style=\"height:30px\" aria-hidden=\"true\" class=\"wp-block-spacer\"><\/div>\n\n<p><span style=\"color: #2e1200;\">A continuaci\u00f3n, el Papa tendr\u00e1 un tiempo de di\u00e1logo con los sacerdotes y celebrar\u00e1 la Santa Misa.<\/span><br\/><script id=\"28193_c_66146\" width=\"512\" height=\"288\" src=\"\/\/player.dacast.com\/js\/dacast_player.js\" class=\"dacast-video\"><br>Ecco anche alcune immagini che ci provengono dalla <span style=\"color: #2e1200;\">Basilica di San Giovanni in Laterano, a Roma.<!-- wpml:html_fragment <\/script>  --&gt;<\/p>\n\n<div style=\"height:30px\" aria-hidden=\"true\" class=\"wp-block-spacer\"><\/div>\n\n<p>Gracias a Francesca y Daniela por las fotos que nos enviaron:  <\/p>\n\n<div style=\"height:30px\" aria-hidden=\"true\" class=\"wp-block-spacer\"><\/div>\n\n<figure class=\"wp-block-gallery columns-3 is-cropped wp-block-gallery-1 is-layout-flex wp-block-gallery-is-layout-flex\"><ul class=\"blocks-gallery-grid\"><li class=\"blocks-gallery-item\"><figure><img loading=\"lazy\" decoding=\"async\" width=\"576\" height=\"1024\" src=\"https:\/\/comunitamagnificat.org\/wp-content\/uploads\/2015\/06\/Preti-2-576x1024.jpg\" alt=\"\" data-id=\"6266\" data-full-url=\"https:\/\/comunitamagnificat.org\/wp-content\/uploads\/2015\/06\/Preti-2.jpg\" data-link=\"https:\/\/comunitamagnificat.org\/?attachment_id=6266\" class=\"wp-image-6266\"\/><figcaption class=\"blocks-gallery-item__caption\">Un momento de Adoraci\u00f3n Eucar\u00edstica en S.Giovanni in Laternano<\/figcaption><\/figure><\/li><li class=\"blocks-gallery-item\"><figure><img loading=\"lazy\" decoding=\"async\" width=\"576\" height=\"1024\" src=\"https:\/\/comunitamagnificat.org\/wp-content\/uploads\/2015\/06\/Preti-3-576x1024.jpg\" alt=\"\" data-id=\"6267\" data-full-url=\"https:\/\/comunitamagnificat.org\/wp-content\/uploads\/2015\/06\/Preti-3.jpg\" data-link=\"https:\/\/comunitamagnificat.org\/?attachment_id=6267\" class=\"wp-image-6267\"\/><figcaption class=\"blocks-gallery-item__caption\">Don Livio Tacchini durante la catequesis 'el precio de la reconciliaci\u00f3n'<\/figcaption><\/figure><\/li><li class=\"blocks-gallery-item\"><figure><img decoding=\"async\" src=\"https:\/\/comunitamagnificat.org\/wp-content\/uploads\/2015\/06\/Preti-4-576x1024.jpg\" alt=\"\" data-id=\"6268\" data-full-url=\"https:\/\/comunitamagnificat.org\/wp-content\/uploads\/2015\/06\/Preti-4.jpg\" data-link=\"https:\/\/comunitamagnificat.org\/?attachment_id=6268\" class=\"wp-image-6268\"\/><figcaption class=\"blocks-gallery-item__caption\">Preparaci\u00f3n para el lavatorio de los pies durante el primer d\u00eda del retiro<\/figcaption><\/figure><\/li><li class=\"blocks-gallery-item\"><figure><img loading=\"lazy\" decoding=\"async\" width=\"1024\" height=\"576\" src=\"https:\/\/comunitamagnificat.org\/wp-content\/uploads\/2015\/06\/Preti-1-1024x576.jpg\" alt=\"\" data-id=\"6265\" data-full-url=\"https:\/\/comunitamagnificat.org\/wp-content\/uploads\/2015\/06\/Preti-1.jpg\" data-link=\"https:\/\/comunitamagnificat.org\/?attachment_id=6265\" class=\"wp-image-6265\"\/><figcaption class=\"blocks-gallery-item__caption\">De izquierda a derecha: Fr. Davide de la Fraternidad de Piacenza, Fr. Livio de la Fraternidad de Citt\u00e0 di Castello, Fr. Luca de la Fraternidad de San Donato all'Elce, Fr. Fabrizio de la Fraternidad Marti, Fr. Jean-Jacques de Roma.<\/figcaption><\/figure><\/li><\/ul><\/figure>\n\n<div style=\"height:50px\" aria-hidden=\"true\" class=\"wp-block-spacer\"><\/div>\n","protected":false},"excerpt":{"rendered":"<p>Gracias a la amable colaboraci\u00f3n con la Plataforma de Streaming MariaTv.it, puedes seguir aqu\u00ed la retransmisi\u00f3n en directo de la participaci\u00f3n del Papa Francisco en el III Retiro Mundial para Sacerdotes de la Renovaci\u00f3n Carism\u00e1tica Cat\u00f3lica, a partir de las 16.30 con la meditaci\u00f3n sobre el tema \u00abTransformados por el amor y para el amor\u00bb. [&hellip;]<\/p>\n","protected":false},"author":4,"featured_media":11659,"comment_status":"open","ping_status":"closed","sticky":false,"template":"","format":"standard","meta":{"om_disable_all_campaigns":false,"_monsterinsights_skip_tracking":false,"_monsterinsights_sitenote_active":false,"_monsterinsights_sitenote_note":"","_monsterinsights_sitenote_category":0,"_uf_show_specific_survey":0,"_uf_disable_surveys":false,"footnotes":""},"categories":[124],"tags":[277],"class_list":["post-18730","post","type-post","status-publish","format-standard","has-post-thumbnail","hentry","category-noticias","tag-retiro-mundial-de-sacerdotes"],"aioseo_notices":[],"_links":{"self":[{"href":"https:\/\/comunitamagnificat.org\/es\/wp-json\/wp\/v2\/posts\/18730","targetHints":{"allow":["GET"]}}],"collection":[{"href":"https:\/\/comunitamagnificat.org\/es\/wp-json\/wp\/v2\/posts"}],"about":[{"href":"https:\/\/comunitamagnificat.org\/es\/wp-json\/wp\/v2\/types\/post"}],"author":[{"embeddable":true,"href":"https:\/\/comunitamagnificat.org\/es\/wp-json\/wp\/v2\/users\/4"}],"replies":[{"embeddable":true,"href":"https:\/\/comunitamagnificat.org\/es\/wp-json\/wp\/v2\/comments?post=18730"}],"version-history":[{"count":1,"href":"https:\/\/comunitamagnificat.org\/es\/wp-json\/wp\/v2\/posts\/18730\/revisions"}],"predecessor-version":[{"id":18733,"href":"https:\/\/comunitamagnificat.org\/es\/wp-json\/wp\/v2\/posts\/18730\/revisions\/18733"}],"wp:featuredmedia":[{"embeddable":true,"href":"https:\/\/comunitamagnificat.org\/es\/wp-json\/wp\/v2\/media\/11659"}],"wp:attachment":[{"href":"https:\/\/comunitamagnificat.org\/es\/wp-json\/wp\/v2\/media?parent=18730"}],"wp:term":[{"taxonomy":"category","embeddable":true,"href":"https:\/\/comunitamagnificat.org\/es\/wp-json\/wp\/v2\/categories?post=18730"},{"taxonomy":"post_tag","embeddable":true,"href":"https:\/\/comunitamagnificat.org\/es\/wp-json\/wp\/v2\/tags?post=18730"}],"curies":[{"name":"wp","href":"https:\/\/api.w.org\/{rel}","templated":true}]}}