{"id":18778,"date":"2024-08-22T18:23:48","date_gmt":"2024-08-22T16:23:48","guid":{"rendered":"https:\/\/comunitamagnificat.org\/2024\/08\/22\/la-comunidad-en-el-papa-francisco\/"},"modified":"2024-08-22T18:23:50","modified_gmt":"2024-08-22T16:23:50","slug":"la-comunidad-en-el-papa-francisco","status":"publish","type":"post","link":"https:\/\/comunitamagnificat.org\/es\/la-comunidad-en-el-papa-francisco\/","title":{"rendered":"La Comunidad en el Papa Francisco"},"content":{"rendered":"\n<div style=\"height:30px\" aria-hidden=\"true\" class=\"wp-block-spacer\"><\/div>\n\n<p>La Comunidad Magnificat estuvo presente en el<span style=\"color: #663300;\">  III Congreso Mundial de Movimientos Eclesiales y Nuevas Comunidades.\nAyer hubo una<a title=\"Actividades del Santo Padre from vatican.va\" href=\"http:\/\/w2.vatican.va\/content\/francesco\/it\/events\/event.dir.html\/content\/vaticanevents\/it\/2014\/11\/22\/movimentiecclesiali.html\">audiencia con el Santo Padre<\/a>. <\/span><br\/> <br\/>He aqu\u00ed las palabras del Papa Francisco:<\/p>\n\n<div style=\"height:50px\" aria-hidden=\"true\" class=\"wp-block-spacer\"><\/div>\n\n<p>Queridos hermanos y hermanas, \u00a1buenos d\u00edas!<\/p>\n\n<div style=\"height:30px\" aria-hidden=\"true\" class=\"wp-block-spacer\"><\/div>\n\n<p>Os doy la bienvenida al Congreso que celebr\u00e1is con el apoyo del Consejo Pontificio para los Laicos.\nDoy las gracias al cardenal Ry\u0142ko, tambi\u00e9n por sus palabras, y al obispo Clemens.\nEn el centro de vuestra atenci\u00f3n estos d\u00edas se encuentran dos elementos esenciales de la vida cristiana: <i>la conversi\u00f3n<\/i> y la <i>misi\u00f3n<\/i>.\nEst\u00e1n \u00edntimamente ligados.\nEn efecto, sin una aut\u00e9ntica conversi\u00f3n del coraz\u00f3n y de la mente, el Evangelio no se anuncia, pero si no nos abrimos a la misi\u00f3n, la conversi\u00f3n no es posible y la fe se vuelve est\u00e9ril.\nLos Movimientos y Nuevas Comunidades que represent\u00e1is se proyectan ahora en la fase de madurez eclesial, que requiere una actitud vigilante de conversi\u00f3n permanente, para que el impulso evangelizador sea cada vez m\u00e1s vivo y fecundo.\nPor ello, deseo ofreceros algunas sugerencias para vuestro camino de fe y de vida eclesial.      <\/p>\n\n<div style=\"height:30px\" aria-hidden=\"true\" class=\"wp-block-spacer\"><\/div>\n\n<p>1. En primer lugar, es necesario preservar la frescura <i>del carisma<\/i>: \u00a1no arruines esa frescura!\n\u00a1Frescura del carisma!\nRenovando siempre el \u00abprimer amor\u00bb (cf. <i>Ap <\/i>2,4).\nCon el tiempo, en efecto, crece la tentaci\u00f3n de conformarse, de volverse r\u00edgido en esquemas tranquilizadores pero est\u00e9riles.\nLa tentaci\u00f3n de enjaular al Esp\u00edritu: \u00a1es una tentaci\u00f3n!\nSin embargo, \u00abla realidad es m\u00e1s importante que la idea\u00bb (cf.\nap. <i>Evangelii gaudium<\/i>, 231-233); si una cierta institucionalizaci\u00f3n del carisma es necesaria para su propia supervivencia, no debemos enga\u00f1arnos pensando que las estructuras externas pueden garantizar la acci\u00f3n del Esp\u00edritu Santo.\nLa novedad de vuestras experiencias no consiste en los m\u00e9todos y las formas, que son importantes, sino en la disposici\u00f3n a responder con renovado entusiasmo a la llamada del Se\u00f1or: es esta valent\u00eda evang\u00e9lica la que ha permitido el nacimiento de vuestros movimientos y de nuevas comunidades.\nSi se defienden las formas y los m\u00e9todos por s\u00ed mismos, se convierten en ideol\u00f3gicos, alejados de la realidad que evoluciona constantemente; cerrados a la novedad del Esp\u00edritu, acabar\u00e1n ahogando el propio carisma que los gener\u00f3.\nDebes volver siempre a las fuentes de los carismas y encontrar\u00e1s el impulso para afrontar los desaf\u00edos.\nNo hab\u00e9is hecho una escuela de espiritualidad as\u00ed; no hab\u00e9is hecho una instituci\u00f3n de espiritualidad as\u00ed; no ten\u00e9is un grupito&#8230;\n\u00a1No!\n\u00a1Movimiento!\nSiempre en camino, siempre en movimiento, siempre abiertos a las sorpresas de Dios, que vienen en sinton\u00eda con la primera llamada del movimiento, ese carisma fundamental.             <\/p>\n\n<div style=\"height:30px\" aria-hidden=\"true\" class=\"wp-block-spacer\"><\/div>\n\n<p>2. Otra cuesti\u00f3n se refiere a <i>c\u00f3mo acoger y acompa\u00f1ar<\/i> a los hombres de nuestro tiempo, especialmente a los j\u00f3venes (cf. ap.\nap. <i>Evangelii gaudium<\/i>, 105-106).\nFormamos parte de una humanidad herida, -\u00a1debemos dec\u00edrnoslo a nosotros mismos!\n&#8211; donde todos los organismos educativos, especialmente el m\u00e1s importante, la familia, tienen serias dificultades en todo el mundo.\nEl hombre de hoy experimenta graves problemas de identidad y tiene dificultades para tomar sus propias decisiones; por eso tiene una disposici\u00f3n a dejarse condicionar, a delegar en otros las decisiones importantes de la vida.\nDebemos resistir la tentaci\u00f3n de sustituir la libertad de las personas y dirigirlas sin esperar a que maduren de verdad.\nCada persona tiene su propio tiempo, camina a su manera, y nosotros debemos acompa\u00f1ar ese camino.\nEl progreso moral o espiritual conseguido apelando a la inmadurez de las personas es un \u00e9xito aparente, destinado a naufragar.\nMejor unos pocos, \u00a1pero siempre yendo sin buscar el espect\u00e1culo!\nLa educaci\u00f3n cristiana, en cambio, requiere un acompa\u00f1amiento paciente que sepa esperar el tiempo de cada persona, como hace el Se\u00f1or con cada uno de nosotros: \u00a1el Se\u00f1or es paciente con nosotros!\nLa paciencia es la \u00fanica manera de amar de verdad y de llevar a las personas a una relaci\u00f3n sincera con el Se\u00f1or.          <\/p>\n\n<div style=\"height:30px\" aria-hidden=\"true\" class=\"wp-block-spacer\"><\/div>\n\n<p>3. Otra indicaci\u00f3n es no olvidar que el bien m\u00e1s precioso, el sello del Esp\u00edritu Santo, es <i>la comuni\u00f3n<\/i>.\nEs la gracia suprema que Jes\u00fas nos gan\u00f3 en la cruz, la gracia que pide sin cesar para nosotros al resucitar, mostrando sus llagas gloriosas al Padre: \u00abComo t\u00fa, Padre, est\u00e1s en m\u00ed y yo en ti, que ellos tambi\u00e9n est\u00e9n en nosotros, para que el mundo crea que t\u00fa me has enviado\u00bb<i>(Jn <\/i>17,21).\nPara que el mundo crea que Jes\u00fas es el Se\u00f1or, debe ver comuni\u00f3n entre los cristianos, pero si ves divisiones, rivalidades y murmuraciones, el terrorismo de los chismes, por favor&#8230; si ves estas cosas, sea cual sea la causa, \u00bfc\u00f3mo puedes evangelizar?\nRecuerda este otro principio: \u00abLa unidad prevalece sobre el conflicto\u00bb (cf.\nap. <i>Evangelii gaudium<\/i>,    <i> <\/i>226-230), porque el hermano vale mucho m\u00e1s que nuestras posiciones personales: \u00a1por \u00e9l derram\u00f3 Cristo su sangre (cf. <i>1 Pe <\/i>1,18-19), por mis ideas no derram\u00f3 nada!\nLa verdadera comuni\u00f3n, pues, no puede existir en un movimiento o en una nueva comunidad si no est\u00e1 integrada en la comuni\u00f3n mayor que es nuestra Santa Madre Iglesia Jer\u00e1rquica.\nEl todo es mayor que la parte (cf. Exhort.\nap. <i>Evangelii gaudium<\/i>, 234-237) y la parte tiene sentido en relaci\u00f3n con el todo.\nAdem\u00e1s, la comuni\u00f3n consiste tambi\u00e9n en abordar juntos y unidos las cuestiones m\u00e1s importantes, como la vida, la familia, la paz, la lucha contra la pobreza en todas sus formas, la libertad religiosa y la educaci\u00f3n.\nEn particular, los movimientos y las comunidades est\u00e1n llamados a trabajar juntos para ayudar a curar las heridas producidas por una mentalidad globalizada que se centra en el consumo, olvidando a Dios y los valores esenciales de la existencia.     <\/p>\n\n<div style=\"height:30px\" aria-hidden=\"true\" class=\"wp-block-spacer\"><\/div>\n\n<p>Para alcanzar la madurez eclesial, por tanto, mantened -repito- la <i>frescura del carisma<\/i>, respetad la <i>libertad de las personas<\/i> y buscad siempre la <i>comuni\u00f3n<\/i>.\nNo olvid\u00e9is, sin embargo, que para alcanzar esta meta, la conversi\u00f3n debe ser misionera: la fuerza para superar las tentaciones y las insuficiencias proviene de la profunda alegr\u00eda de anunciar el Evangelio, que es la base de todos vuestros carismas.\nEn efecto, \u00abcuando la Iglesia llama al compromiso evangelizador, no hace m\u00e1s que indicar a los cristianos el verdadero dinamismo de la realizaci\u00f3n personal\u00bb (Exhortaci\u00f3n apost\u00f3lica, Eph.\nap. <i>Evangelii gaudium<\/i>,   <i> <\/i>10), la verdadera motivaci\u00f3n para renovar la propia vida, porque la misi\u00f3n es participaci\u00f3n en la misi\u00f3n de Cristo, que siempre nos precede y nos acompa\u00f1a en la evangelizaci\u00f3n.<\/p>\n\n<div style=\"height:30px\" aria-hidden=\"true\" class=\"wp-block-spacer\"><\/div>\n\n<p>Queridos hermanos y hermanas, ya hab\u00e9is dado muchos frutos a la Iglesia y al mundo entero, pero dar\u00e9is frutos a\u00fan mayores con la ayuda del Esp\u00edritu Santo, que suscita y renueva siempre dones y carismas, y con la intercesi\u00f3n de Mar\u00eda, que no cesa de ayudar y acompa\u00f1ar a sus hijos.\nAvanzad: siempre en marcha&#8230;\n\u00a1No te detengas nunca!\n\u00a1Siempre en marcha!\nOs aseguro mis oraciones y os pido que rec\u00e9is por m\u00ed -lo necesito de verdad- mientras os bendigo de coraz\u00f3n.    <\/p>\n\n<div style=\"height:30px\" aria-hidden=\"true\" class=\"wp-block-spacer\"><\/div>\n\n<p>Ahora os pido, todos juntos, que rec\u00e9is a la Virgen, que ha experimentado esto, para mantener siempre la frescura del primer encuentro con Dios, para avanzar con humildad, pero siempre en el camino, respetando el tiempo de las personas.\nY tambi\u00e9n que no os cans\u00e9is nunca de tener este coraz\u00f3n misionero. <\/p>\n\n<div style=\"height:30px\" aria-hidden=\"true\" class=\"wp-block-spacer\"><\/div>\n\n<p><i>Ave Mar\u00eda&#8230;<\/i><\/p>\n\n<div style=\"height:50px\" aria-hidden=\"true\" class=\"wp-block-spacer\"><\/div>\n\n<p><\/p>\n","protected":false},"excerpt":{"rendered":"<p>La Comunidad Magnificat estuvo presente en el III Congreso Mundial de Movimientos Eclesiales y Nuevas Comunidades. Ayer hubo unaaudiencia con el Santo Padre. He aqu\u00ed las palabras del Papa Francisco: Queridos hermanos y hermanas, \u00a1buenos d\u00edas! Os doy la bienvenida al Congreso que celebr\u00e1is con el apoyo del Consejo Pontificio para los Laicos. Doy las [&hellip;]<\/p>\n","protected":false},"author":4,"featured_media":11695,"comment_status":"open","ping_status":"closed","sticky":false,"template":"","format":"standard","meta":{"om_disable_all_campaigns":false,"_monsterinsights_skip_tracking":false,"_monsterinsights_sitenote_active":false,"_monsterinsights_sitenote_note":"","_monsterinsights_sitenote_category":0,"_uf_show_specific_survey":0,"_uf_disable_surveys":false,"footnotes":""},"categories":[124],"tags":[139,299],"class_list":["post-18778","post","type-post","status-publish","format-standard","has-post-thumbnail","hentry","category-noticias","tag-directores-generales","tag-papa-francisco"],"aioseo_notices":[],"_links":{"self":[{"href":"https:\/\/comunitamagnificat.org\/es\/wp-json\/wp\/v2\/posts\/18778","targetHints":{"allow":["GET"]}}],"collection":[{"href":"https:\/\/comunitamagnificat.org\/es\/wp-json\/wp\/v2\/posts"}],"about":[{"href":"https:\/\/comunitamagnificat.org\/es\/wp-json\/wp\/v2\/types\/post"}],"author":[{"embeddable":true,"href":"https:\/\/comunitamagnificat.org\/es\/wp-json\/wp\/v2\/users\/4"}],"replies":[{"embeddable":true,"href":"https:\/\/comunitamagnificat.org\/es\/wp-json\/wp\/v2\/comments?post=18778"}],"version-history":[{"count":1,"href":"https:\/\/comunitamagnificat.org\/es\/wp-json\/wp\/v2\/posts\/18778\/revisions"}],"predecessor-version":[{"id":18779,"href":"https:\/\/comunitamagnificat.org\/es\/wp-json\/wp\/v2\/posts\/18778\/revisions\/18779"}],"wp:featuredmedia":[{"embeddable":true,"href":"https:\/\/comunitamagnificat.org\/es\/wp-json\/wp\/v2\/media\/11695"}],"wp:attachment":[{"href":"https:\/\/comunitamagnificat.org\/es\/wp-json\/wp\/v2\/media?parent=18778"}],"wp:term":[{"taxonomy":"category","embeddable":true,"href":"https:\/\/comunitamagnificat.org\/es\/wp-json\/wp\/v2\/categories?post=18778"},{"taxonomy":"post_tag","embeddable":true,"href":"https:\/\/comunitamagnificat.org\/es\/wp-json\/wp\/v2\/tags?post=18778"}],"curies":[{"name":"wp","href":"https:\/\/api.w.org\/{rel}","templated":true}]}}