{"id":18783,"date":"2024-08-22T18:24:40","date_gmt":"2024-08-22T16:24:40","guid":{"rendered":"https:\/\/comunitamagnificat.org\/2024\/08\/22\/el-camino-comunitario-paso-a-paso\/"},"modified":"2024-08-22T18:24:57","modified_gmt":"2024-08-22T16:24:57","slug":"el-camino-comunitario-paso-a-paso","status":"publish","type":"post","link":"https:\/\/comunitamagnificat.org\/es\/el-camino-comunitario-paso-a-paso\/","title":{"rendered":"El camino comunitario paso a paso"},"content":{"rendered":"\n<p>He aqu\u00ed el contenido de un seminario de formaci\u00f3n, celebrado en Foligno en 2006, en el que se profundiz\u00f3 en la <strong>estructura de las etapas del camino comunitario<\/strong>.<\/p>\n\n<div style=\"height:30px\" aria-hidden=\"true\" class=\"wp-block-spacer\"><\/div>\n\n<p><strong>Descarga los archivos de audio<\/strong>:<\/p>\n\n<div style=\"height:30px\" aria-hidden=\"true\" class=\"wp-block-spacer\"><\/div>\n\n<ul class=\"wp-block-list\">\n<li><strong><a href=\"https:\/\/www.gloria.tv\/post\/4JtYNTJihjMJ3SSXiymkrsBEn\" title=\"Primera reuni&#xF3;n: CATEQUESIS\">Primera reuni\u00f3n: <\/a><a href=\"https:\/\/www.gloria.tv\/post\/4JtYNTJihjMJ3SSXiymkrsBEn\" target=\"_blank\" rel=\"noopener\" title=\"Primera reuni&#xF3;n: CATEQUESIS\">CATEQUESIS<\/a><\/strong><br\/>Informe del P. Luca Bartoccini, Consejero Espiritual General.<\/li>\n\n\n\n<li><strong><a href=\"https:\/\/www.gloria.tv\/post\/mneBjUcN4bqY3adDvXqWQdoxb\" title=\"\">Segunda reuni\u00f3n<\/a><a href=\"https:\/\/www.gloria.tv\/post\/mneBjUcN4bqY3adDvXqWQdoxb\" target=\"_blank\" rel=\"noopener\" title=\"\">: <\/a><a href=\"https:\/\/www.gloria.tv\/post\/mneBjUcN4bqY3adDvXqWQdoxb\" title=\"\">RESONANCIA<\/a><\/strong><br\/>Ponencia del P. Luca Bartoccini, Consejero Espiritual General.<\/li>\n\n\n\n<li><strong><a href=\"https:\/\/www.gloria.tv\/post\/MtrSTyW3R7mP1LhS4FJzH8gsC\" target=\"_blank\" rel=\"noopener\" title=\"\">Tercera reuni\u00f3n: COMPARTIR<\/a><\/strong><br\/>Informe del P. Luca Bartoccini, Consejero Espiritual General.<\/li>\n\n\n\n<li><strong><a href=\"https:\/\/www.gloria.tv\/post\/Dc4axnb4bm121zVDcSELzTxcP\" target=\"_blank\" rel=\"noopener\" title=\"\">Cuarta reuni\u00f3n: REVISI\u00d3N DE LA VIDA<\/a><\/strong><br\/>Informe del P. Luca Bartoccini, Consejero Espiritual General, con un ap\u00e9ndice de Daniele Mezzetti, Director General.<\/li>\n\n\n\n<li><strong><a href=\"https:\/\/www.gloria.tv\/post\/o8ptmZteDApc2MRTSLiEaRCN4\" target=\"_blank\" rel=\"noopener\" title=\"\">Quinta reuni\u00f3n: FIESTA<\/a><\/strong><br\/>Informe de Daniele Mezzetti, Director General.<\/li>\n<\/ul>\n\n<div style=\"height:50px\" aria-hidden=\"true\" class=\"wp-block-spacer\"><\/div>\n","protected":false},"excerpt":{"rendered":"<p>He aqu\u00ed el contenido de un seminario de formaci\u00f3n, celebrado en Foligno en 2006, en el que se profundiz\u00f3 en la estructura de las etapas del camino comunitario. Descarga los archivos de audio:<\/p>\n","protected":false},"author":1,"featured_media":14170,"comment_status":"open","ping_status":"closed","sticky":false,"template":"","format":"standard","meta":{"om_disable_all_campaigns":false,"_monsterinsights_skip_tracking":false,"_monsterinsights_sitenote_active":false,"_monsterinsights_sitenote_note":"","_monsterinsights_sitenote_category":0,"_uf_show_specific_survey":0,"_uf_disable_surveys":false,"footnotes":""},"categories":[124],"tags":[302,137],"class_list":["post-18783","post","type-post","status-publish","format-standard","has-post-thumbnail","hentry","category-noticias","tag-audio-es","tag-camina"],"aioseo_notices":[],"_links":{"self":[{"href":"https:\/\/comunitamagnificat.org\/es\/wp-json\/wp\/v2\/posts\/18783","targetHints":{"allow":["GET"]}}],"collection":[{"href":"https:\/\/comunitamagnificat.org\/es\/wp-json\/wp\/v2\/posts"}],"about":[{"href":"https:\/\/comunitamagnificat.org\/es\/wp-json\/wp\/v2\/types\/post"}],"author":[{"embeddable":true,"href":"https:\/\/comunitamagnificat.org\/es\/wp-json\/wp\/v2\/users\/1"}],"replies":[{"embeddable":true,"href":"https:\/\/comunitamagnificat.org\/es\/wp-json\/wp\/v2\/comments?post=18783"}],"version-history":[{"count":1,"href":"https:\/\/comunitamagnificat.org\/es\/wp-json\/wp\/v2\/posts\/18783\/revisions"}],"predecessor-version":[{"id":18786,"href":"https:\/\/comunitamagnificat.org\/es\/wp-json\/wp\/v2\/posts\/18783\/revisions\/18786"}],"wp:featuredmedia":[{"embeddable":true,"href":"https:\/\/comunitamagnificat.org\/es\/wp-json\/wp\/v2\/media\/14170"}],"wp:attachment":[{"href":"https:\/\/comunitamagnificat.org\/es\/wp-json\/wp\/v2\/media?parent=18783"}],"wp:term":[{"taxonomy":"category","embeddable":true,"href":"https:\/\/comunitamagnificat.org\/es\/wp-json\/wp\/v2\/categories?post=18783"},{"taxonomy":"post_tag","embeddable":true,"href":"https:\/\/comunitamagnificat.org\/es\/wp-json\/wp\/v2\/tags?post=18783"}],"curies":[{"name":"wp","href":"https:\/\/api.w.org\/{rel}","templated":true}]}}