{"id":18833,"date":"2024-08-22T18:26:50","date_gmt":"2024-08-22T16:26:50","guid":{"rendered":"https:\/\/comunitamagnificat.org\/2024\/08\/22\/camping-2019\/"},"modified":"2024-08-22T18:27:19","modified_gmt":"2024-08-22T16:27:19","slug":"camping-2019","status":"publish","type":"post","link":"https:\/\/comunitamagnificat.org\/es\/camping-2019\/","title":{"rendered":"Camping 2019"},"content":{"rendered":"\n<p class=\"has-text-align-center\"><strong>Camping Comunitario Magnificat 2019<\/strong><\/p>\n\n<p class=\"has-text-align-center\">27 de julio &#8211; 23 de agosto de 2019<\/p>\n\n<p class=\"has-text-align-center\">Paestum en el Camping Village Paestum****<\/p>\n\n<div class=\"wp-block-columns is-layout-flex wp-container-core-columns-is-layout-9d6595d7 wp-block-columns-is-layout-flex\">\n<div class=\"wp-block-column is-layout-flow wp-block-column-is-layout-flow\" style=\"flex-basis:15%\"><\/div>\n\n\n\n<div class=\"wp-block-column is-layout-flow wp-block-column-is-layout-flow\">\n<figure class=\"wp-block-embed is-type-video is-provider-youtube wp-block-embed-youtube wp-embed-aspect-16-9 wp-has-aspect-ratio\"><div class=\"wp-block-embed__wrapper\"> \n<iframe loading=\"lazy\" title=\"La Comunit\u00e0 Magnificat ti invita a....\" width=\"500\" height=\"281\" src=\"https:\/\/www.youtube.com\/embed\/oZZ8Tf6Kfeg?feature=oembed\" frameborder=\"0\" allow=\"accelerometer; autoplay; clipboard-write; encrypted-media; gyroscope; picture-in-picture; web-share\" referrerpolicy=\"strict-origin-when-cross-origin\" allowfullscreen><\/iframe>\n <\/div><\/figure>\n<\/div>\n\n\n\n<div class=\"wp-block-column is-layout-flow wp-block-column-is-layout-flow\" style=\"flex-basis:15%\"><\/div>\n<\/div>\n\n<p>  Queridos hermanos,<\/p>\n\n<p>Presentar el campamento de nuestra Comunidad no es f\u00e1cil, porque es esencialmente una <strong>EXPERIENCIA<\/strong>: puedes describirlo, contar su historia, su contenido, o recoger algunos testimonios de quienes lo vivieron, pero&#8230; <strong>la experiencia sigue siendo un acontecimiento que hay que vivir<\/strong>, y el relato es inevitablemente parcial, y siempre falta algo.<br\/><br\/>E<em>s una experiencia \u00fanica de <strong>vida fraterna<\/strong><\/em> Quienes viven un campamento comunitario disfrutan de ese tiempo que falta en la vida cotidiana: compartir la vida las 24 horas del d\u00eda con hermanos y hermanas durante muchos d\u00edas; pararse a hablar con la idea de que son cinco minutos y encontrarse horas despu\u00e9s, con placer interior, disfrutando de ese compartir sencillo, profundo, a veces compasivo o doloroso&#8230; que te pone en contacto con la vida de hermanos y hermanas a quienes, por el tiempo o la distancia, quiz\u00e1 nunca hubieras conocido tan de cerca, ni siquiera en otros momentos comunitarios.<br\/><em>Es una experiencia de <strong>oraci\u00f3n<\/strong> y de <strong>vida eucar\u00edstica<\/strong><\/em><br\/><em>Cu\u00e1ntas veces<\/em> experimentamos que no tenemos tiempo suficiente para pasar todo el tiempo que quisi\u00e9ramos delante de Jes\u00fas en la Eucarist\u00eda o rezando con nuestros hermanos. En el campamento, hay una gracia que se repite todos los a\u00f1os: en el centro f\u00edsico del campamento, el punto de referencia para todo y para todos es la tienda del Sant\u00edsimo Sacramento, expuesta las 24 horas del d\u00eda; la Eucarist\u00eda como punto fijo del d\u00eda, bien celebrada y compartida con tantos hermanos; todos los d\u00edas vivimos o la oraci\u00f3n comunitaria carism\u00e1tica o Laudes.<br\/><br\/>S<em>on <strong>vacaciones<\/strong>, pero <strong>no son s\u00f3lo vacaciones<\/strong><\/em> En nuestras complicadas vidas, necesitamos descansar: \u00a1en el campamento tambi\u00e9n hay tiempo para eso!\n\u00a1Cu\u00e1ntas veces hemos vivido otras vacaciones de las que hemos vuelto m\u00e1s cansados que antes!\n<br\/>Muchos de nosotros podemos atestiguar que volvemos del campamento comunitario llenos de nuevas fuerzas, vigor y alegr\u00eda, aunque hayamos servido a nuestros hermanos y hermanas o luchado con la precariedad y algunas incomodidades que a menudo est\u00e1n presentes en la vida del campamento. Es una experiencia que comenz\u00f3 casi \u00abpor casualidad\u00bb hace unos cuarenta a\u00f1os y que contin\u00faa hasta hoy.\nEn el campamento, muchos se han encontrado con Dios, han cambiado de vida, han encontrado su propio camino vocacional, \u00a1han conocido a la comunidad!   <br\/>Este a\u00f1o, \u00bfpor qu\u00e9 no intentas venir t\u00fa tambi\u00e9n?\nTe invitamos a Paestum del 27 de julio al 23 de agosto de 2019: <\/p>\n\n<p><strong>estaremos all\u00ed.<\/strong><\/p>\n\n<p class=\"has-text-align-right\"><em>Directores Generales<\/em><\/p>\n\n<div style=\"height:50px\" aria-hidden=\"true\" class=\"wp-block-spacer\"><\/div>\n\n<p><\/p>\n","protected":false},"excerpt":{"rendered":"<p>Camping Comunitario Magnificat 2019 27 de julio &#8211; 23 de agosto de 2019 Paestum en el Camping Village Paestum**** Queridos hermanos, Presentar el campamento de nuestra Comunidad no es f\u00e1cil, porque es esencialmente una EXPERIENCIA: puedes describirlo, contar su historia, su contenido, o recoger algunos testimonios de quienes lo vivieron, pero&#8230; la experiencia sigue siendo [&hellip;]<\/p>\n","protected":false},"author":4,"featured_media":11463,"comment_status":"open","ping_status":"closed","sticky":false,"template":"","format":"standard","meta":{"om_disable_all_campaigns":false,"_monsterinsights_skip_tracking":false,"_monsterinsights_sitenote_active":false,"_monsterinsights_sitenote_note":"","_monsterinsights_sitenote_category":0,"_uf_show_specific_survey":0,"_uf_disable_surveys":false,"footnotes":""},"categories":[124],"tags":[322,211,321,260,323],"class_list":["post-18833","post","type-post","status-publish","format-standard","has-post-thumbnail","hentry","category-noticias","tag-campamento-comunitario-magnificat-2019","tag-camping-es","tag-camping-2019-es","tag-camping-comunidad-magnificat","tag-camping-paestum-es"],"aioseo_notices":[],"_links":{"self":[{"href":"https:\/\/comunitamagnificat.org\/es\/wp-json\/wp\/v2\/posts\/18833","targetHints":{"allow":["GET"]}}],"collection":[{"href":"https:\/\/comunitamagnificat.org\/es\/wp-json\/wp\/v2\/posts"}],"about":[{"href":"https:\/\/comunitamagnificat.org\/es\/wp-json\/wp\/v2\/types\/post"}],"author":[{"embeddable":true,"href":"https:\/\/comunitamagnificat.org\/es\/wp-json\/wp\/v2\/users\/4"}],"replies":[{"embeddable":true,"href":"https:\/\/comunitamagnificat.org\/es\/wp-json\/wp\/v2\/comments?post=18833"}],"version-history":[{"count":1,"href":"https:\/\/comunitamagnificat.org\/es\/wp-json\/wp\/v2\/posts\/18833\/revisions"}],"predecessor-version":[{"id":18836,"href":"https:\/\/comunitamagnificat.org\/es\/wp-json\/wp\/v2\/posts\/18833\/revisions\/18836"}],"wp:featuredmedia":[{"embeddable":true,"href":"https:\/\/comunitamagnificat.org\/es\/wp-json\/wp\/v2\/media\/11463"}],"wp:attachment":[{"href":"https:\/\/comunitamagnificat.org\/es\/wp-json\/wp\/v2\/media?parent=18833"}],"wp:term":[{"taxonomy":"category","embeddable":true,"href":"https:\/\/comunitamagnificat.org\/es\/wp-json\/wp\/v2\/categories?post=18833"},{"taxonomy":"post_tag","embeddable":true,"href":"https:\/\/comunitamagnificat.org\/es\/wp-json\/wp\/v2\/tags?post=18833"}],"curies":[{"name":"wp","href":"https:\/\/api.w.org\/{rel}","templated":true}]}}