{"id":19635,"date":"2024-08-23T07:52:17","date_gmt":"2024-08-23T05:52:17","guid":{"rendered":"https:\/\/comunitamagnificat.org\/2024\/08\/23\/animo-y-manos-a-la-obra\/"},"modified":"2024-08-23T07:52:36","modified_gmt":"2024-08-23T05:52:36","slug":"animo-y-manos-a-la-obra","status":"publish","type":"post","link":"https:\/\/comunitamagnificat.org\/es\/animo-y-manos-a-la-obra\/","title":{"rendered":"\u00a1\u00c1nimo y manos a la obra!"},"content":{"rendered":"\n<div class=\"wp-block-columns is-layout-flex wp-container-core-columns-is-layout-9d6595d7 wp-block-columns-is-layout-flex\">\n<div class=\"wp-block-column is-layout-flow wp-block-column-is-layout-flow\">\n<div style=\"height:30px\" aria-hidden=\"true\" class=\"wp-block-spacer\"><\/div>\n\n\n\n<figure class=\"wp-block-image size-large\"><picture data-lightbox=\"https:\/\/comunitamagnificat.org\/wp-content\/uploads\/2022\/02\/PIC_2844.jpg\"><source type='image\/jpeg' srcset='https:\/\/comunitamagnificat.org\/wp-content\/uploads\/2022\/02\/PIC_2844.jpg 1920w, https:\/\/comunitamagnificat.org\/wp-content\/uploads\/2022\/02\/PIC_2844-300x169.jpg 300w, https:\/\/comunitamagnificat.org\/wp-content\/uploads\/2022\/02\/PIC_2844-1024x576.jpg 1024w, https:\/\/comunitamagnificat.org\/wp-content\/uploads\/2022\/02\/PIC_2844-768x432.jpg 768w, https:\/\/comunitamagnificat.org\/wp-content\/uploads\/2022\/02\/PIC_2844-1536x864.jpg 1536w' sizes='(max-width: 1920px) 100vw, 1920px' \/><img loading=\"lazy\" decoding=\"async\" width=\"1024\" height=\"576\" src=\"https:\/\/comunitamagnificat.org\/wp-content\/uploads\/2022\/02\/PIC_2844-1024x576.jpg\" alt=\"\" class=\"wp-image-8864\"\/><\/picture><figcaption>De izquierda a derecha: Michele Rossetti, Maria Rita Castellani y Angelo Spicuglia, durante el momento de oraci\u00f3n por ellos al final de la Celebraci\u00f3n Eucar\u00edstica.\nS\u00f3lo Andrea Orsini estuvo presente en la Asamblea por conexi\u00f3n, ya que estaba enfermo, y Alessandra Maria Pauluzzi no estuvo presente, ya que s\u00f3lo fue informada de la elecci\u00f3n un par de horas m\u00e1s tarde.   <\/figcaption><\/figure>\n\n\n\n<div style=\"height:30px\" aria-hidden=\"true\" class=\"wp-block-spacer\"><\/div>\n\n\n\n<p>La 10\u00aa <em>Asamblea General<\/em> de la Comunidad Magnificat, que se reuni\u00f3 en la <em>Casa de Oraci\u00f3n Tabor<\/em> de Agello (PG) los d\u00edas 12 y 13 de febrero de 2022, eligi\u00f3 a los nuevos responsables generales que permanecer\u00e1n en el cargo durante los pr\u00f3ximos tres a\u00f1os.<\/p>\n\n\n\n<div style=\"height:30px\" aria-hidden=\"true\" class=\"wp-block-spacer\"><\/div>\n\n\n\n<p>Ancianos y moderadores de todas las fraternidades, presentes casi en su totalidad, elegidos, por orden:<\/p>\n\n\n\n<div style=\"height:30px\" aria-hidden=\"true\" class=\"wp-block-spacer\"><\/div>\n\n\n\n<p><strong>Maria Rita Castellani<\/strong>, <strong>Andrea Orsini<\/strong>, <strong>Alessandra Maria Pauluzzi<\/strong>, <strong>Michele Rossetti<\/strong> y <strong>Angelo Spicuglia<\/strong>.<\/p>\n\n\n\n<div style=\"height:30px\" aria-hidden=\"true\" class=\"wp-block-spacer\"><\/div>\n\n\n\n<p>Entre ellos, <strong>Maria Rita Castellani<\/strong> fue elegida nueva Moderadora General.<\/p>\n\n\n\n<div style=\"height:30px\" aria-hidden=\"true\" class=\"wp-block-spacer\"><\/div>\n\n\n\n<p>Por primera vez en la historia de la Comunidad, una mujer ser\u00e1 la \u00abportavoz\u00bb de la Comunidad.<\/p>\n\n\n\n<div style=\"height:30px\" aria-hidden=\"true\" class=\"wp-block-spacer\"><\/div>\n\n\n\n<p>Adem\u00e1s, por primera vez, se eligi\u00f3 a una persona que no era miembro del cuerpo de ancianos.<\/p>\n\n\n\n<div style=\"height:30px\" aria-hidden=\"true\" class=\"wp-block-spacer\"><\/div>\n\n\n\n<p>Por primera vez, una persona de la Zona de Sicilia se une a este \u00f3rgano.<\/p>\n\n\n\n<div style=\"height:30px\" aria-hidden=\"true\" class=\"wp-block-spacer\"><\/div>\n\n\n\n<p>A continuaci\u00f3n, la Asamblea procedi\u00f3 a elegir a los siete miembros del Consejo Consultivo, en las personas de los siguientes Ancianos de la Comunidad: <strong>Giuseppe Piegai<\/strong>, <strong>Stefano Ragnacci<\/strong>, <strong>Daniele Mezzetti<\/strong>, <strong>Vincenzo Genovese<\/strong>, <strong>Oreste Pesare<\/strong>, <strong>Paolo Bartoccini<\/strong> y <strong>Massimo Roscini<\/strong>.<\/p>\n\n\n\n<div style=\"height:30px\" aria-hidden=\"true\" class=\"wp-block-spacer\"><\/div>\n\n\n\n<p>Para el servicio de estos hermanos y hermanas, que durante los pr\u00f3ximos tres a\u00f1os deber\u00e1n trabajar por el bien de toda la Comunidad, pedimos la plena bendici\u00f3n de Dios, por intercesi\u00f3n de Su Santa Madre, Mar\u00eda Sant\u00edsima, la Virgen del Magn\u00edficat.<\/p>\n\n\n\n<div style=\"height:50px\" aria-hidden=\"true\" class=\"wp-block-spacer\"><\/div>\n<\/div>\n<\/div>\n","protected":false},"excerpt":{"rendered":"<p>La 10\u00aa Asamblea General de la Comunidad Magnificat, que se reuni\u00f3 en la Casa de Oraci\u00f3n Tabor de Agello (PG) los d\u00edas 12 y 13 de febrero de 2022, eligi\u00f3 a los nuevos responsables generales que permanecer\u00e1n en el cargo durante los pr\u00f3ximos tres a\u00f1os. Ancianos y moderadores de todas las fraternidades, presentes casi en [&hellip;]<\/p>\n","protected":false},"author":3,"featured_media":16555,"comment_status":"open","ping_status":"open","sticky":false,"template":"","format":"standard","meta":{"om_disable_all_campaigns":false,"_monsterinsights_skip_tracking":false,"_monsterinsights_sitenote_active":false,"_monsterinsights_sitenote_note":"","_monsterinsights_sitenote_category":0,"_uf_show_specific_survey":0,"_uf_disable_surveys":false,"footnotes":""},"categories":[100],"tags":[],"class_list":["post-19635","post","type-post","status-publish","format-standard","has-post-thumbnail","hentry","category-sin-categorizar"],"aioseo_notices":[],"_links":{"self":[{"href":"https:\/\/comunitamagnificat.org\/es\/wp-json\/wp\/v2\/posts\/19635","targetHints":{"allow":["GET"]}}],"collection":[{"href":"https:\/\/comunitamagnificat.org\/es\/wp-json\/wp\/v2\/posts"}],"about":[{"href":"https:\/\/comunitamagnificat.org\/es\/wp-json\/wp\/v2\/types\/post"}],"author":[{"embeddable":true,"href":"https:\/\/comunitamagnificat.org\/es\/wp-json\/wp\/v2\/users\/3"}],"replies":[{"embeddable":true,"href":"https:\/\/comunitamagnificat.org\/es\/wp-json\/wp\/v2\/comments?post=19635"}],"version-history":[{"count":1,"href":"https:\/\/comunitamagnificat.org\/es\/wp-json\/wp\/v2\/posts\/19635\/revisions"}],"predecessor-version":[{"id":19637,"href":"https:\/\/comunitamagnificat.org\/es\/wp-json\/wp\/v2\/posts\/19635\/revisions\/19637"}],"wp:featuredmedia":[{"embeddable":true,"href":"https:\/\/comunitamagnificat.org\/es\/wp-json\/wp\/v2\/media\/16555"}],"wp:attachment":[{"href":"https:\/\/comunitamagnificat.org\/es\/wp-json\/wp\/v2\/media?parent=19635"}],"wp:term":[{"taxonomy":"category","embeddable":true,"href":"https:\/\/comunitamagnificat.org\/es\/wp-json\/wp\/v2\/categories?post=19635"},{"taxonomy":"post_tag","embeddable":true,"href":"https:\/\/comunitamagnificat.org\/es\/wp-json\/wp\/v2\/tags?post=19635"}],"curies":[{"name":"wp","href":"https:\/\/api.w.org\/{rel}","templated":true}]}}