{"id":25954,"date":"2025-11-24T09:36:34","date_gmt":"2025-11-24T08:36:34","guid":{"rendered":"https:\/\/comunitamagnificat.org\/2025\/11\/24\/pensando-en-el-cielo\/"},"modified":"2025-11-24T09:36:37","modified_gmt":"2025-11-24T08:36:37","slug":"pensando-en-el-cielo","status":"publish","type":"post","link":"https:\/\/comunitamagnificat.org\/es\/pensando-en-el-cielo\/","title":{"rendered":"Pensando en el cielo"},"content":{"rendered":"\n<div class=\"wp-block-columns is-layout-flex wp-container-core-columns-is-layout-9d6595d7 wp-block-columns-is-layout-flex\">\n<div class=\"wp-block-column is-layout-flow wp-block-column-is-layout-flow\">\n<div style=\"height:30px\" aria-hidden=\"true\" class=\"wp-block-spacer\"><\/div>\n\n\n\n<p>El Bolet\u00edn de noviembre est\u00e1 <strong>cargado de noticias para leer<\/strong> (o <strong>escuchar<\/strong>), procedentes de los directores generales, Italia, Pakist\u00e1n, Argentina y <a href=\"https:\/\/edizioni.comunitamagnificat.org\/\" target=\"_blank\" rel=\"noopener\" title=\"\">Ediciones Magnificat<\/a>.<\/p>\n\n\n\n<ul class=\"wp-block-list\">\n<li>El trabajo de la Comunidad sobre los <strong>temas de la Asamblea General<\/strong><\/li>\n\n\n\n<li>Noticias sobre <strong>la participaci\u00f3n de la Comunidad Magnificat en la audiencia papal del mi\u00e9rcoles 4 de marzo<\/strong><\/li>\n\n\n\n<li>Presentaci\u00f3n de la <strong>conferencia nacional en Italia<\/strong> prevista para enero<\/li>\n\n\n\n<li><strong>Una nueva escuela<\/strong> construida por la Comunidad <strong>en Faisalabad<\/strong><\/li>\n\n\n\n<li>Cr\u00f3nica de la<strong>reuni\u00f3n de la fraternidad en Argentina<\/strong><\/li>\n\n\n\n<li>Noticias de un <strong>pr\u00f3ximo retiro para que los j\u00f3venes descubran su vocaci\u00f3n<\/strong><\/li>\n\n\n\n<li>Un <strong>nuevo libro<\/strong>, de Maria Rita Castellani, <strong>para formarse en el acompa\u00f1amiento espiritual<\/strong><\/li>\n\n\n\n<li>La cr\u00f3nica del \u00faltimo <strong>viaje misionero a Pakist\u00e1n<\/strong>, con la noticia de la <strong>muerte del padre Shabir<\/strong><\/li>\n<\/ul>\n\n\n\n<div style=\"height:30px\" aria-hidden=\"true\" class=\"wp-block-spacer\"><\/div>\n\n\n\n<div data-wp-interactive=\"core\/file\" class=\"wp-block-file\"><object data-wp-bind--hidden=\"!state.hasPdfPreview\" hidden class=\"wp-block-file__embed\" data=\"https:\/\/comunitamagnificat.org\/wp-content\/uploads\/2025\/11\/Con-Gesu-su-Gesu-costruisci-n.-79-novembre-2025-1.pdf\" type=\"application\/pdf\" style=\"width:100%;height:600px\" aria-label=\"Incrustado de Con Ges\u00f9 su Ges\u00f9, costruisci - n. 79 - novembre 2025.\"><\/object><a id=\"wp-block-file--media-b1640f5a-ff17-44cf-9756-6868af7bb9a1\" href=\"https:\/\/comunitamagnificat.org\/wp-content\/uploads\/2025\/11\/Con-Gesu-su-Gesu-costruisci-n.-79-novembre-2025-1.pdf\">Con Jes\u00fas sobre Jes\u00fas, construye &#8211; n\u00ba 79 &#8211; noviembre 2025 <\/a><a href=\"https:\/\/comunitamagnificat.org\/wp-content\/uploads\/2025\/11\/Con-Gesu-su-Gesu-costruisci-n.-79-novembre-2025-1.pdf\" class=\"wp-block-file__button wp-element-button\" download=\"\" aria-describedby=\"wp-block-file--media-b1640f5a-ff17-44cf-9756-6868af7bb9a1\">Descarga<\/a><\/div>\n\n\n\n<div style=\"height:30px\" aria-hidden=\"true\" class=\"wp-block-spacer\"><\/div>\n<\/div>\n<\/div>\n\n<p><\/p>\n","protected":false},"excerpt":{"rendered":"<p>El Bolet\u00edn de noviembre est\u00e1 cargado de noticias para leer (o escuchar), procedentes de los directores generales, Italia, Pakist\u00e1n, Argentina y Ediciones Magnificat.<\/p>\n","protected":false},"author":3,"featured_media":25942,"comment_status":"open","ping_status":"open","sticky":false,"template":"","format":"standard","meta":{"om_disable_all_campaigns":false,"_monsterinsights_skip_tracking":false,"_monsterinsights_sitenote_active":false,"_monsterinsights_sitenote_note":"","_monsterinsights_sitenote_category":0,"_uf_show_specific_survey":0,"_uf_disable_surveys":false,"footnotes":""},"categories":[100],"tags":[],"class_list":["post-25954","post","type-post","status-publish","format-standard","has-post-thumbnail","hentry","category-sin-categorizar"],"aioseo_notices":[],"_links":{"self":[{"href":"https:\/\/comunitamagnificat.org\/es\/wp-json\/wp\/v2\/posts\/25954","targetHints":{"allow":["GET"]}}],"collection":[{"href":"https:\/\/comunitamagnificat.org\/es\/wp-json\/wp\/v2\/posts"}],"about":[{"href":"https:\/\/comunitamagnificat.org\/es\/wp-json\/wp\/v2\/types\/post"}],"author":[{"embeddable":true,"href":"https:\/\/comunitamagnificat.org\/es\/wp-json\/wp\/v2\/users\/3"}],"replies":[{"embeddable":true,"href":"https:\/\/comunitamagnificat.org\/es\/wp-json\/wp\/v2\/comments?post=25954"}],"version-history":[{"count":1,"href":"https:\/\/comunitamagnificat.org\/es\/wp-json\/wp\/v2\/posts\/25954\/revisions"}],"predecessor-version":[{"id":25955,"href":"https:\/\/comunitamagnificat.org\/es\/wp-json\/wp\/v2\/posts\/25954\/revisions\/25955"}],"wp:featuredmedia":[{"embeddable":true,"href":"https:\/\/comunitamagnificat.org\/es\/wp-json\/wp\/v2\/media\/25942"}],"wp:attachment":[{"href":"https:\/\/comunitamagnificat.org\/es\/wp-json\/wp\/v2\/media?parent=25954"}],"wp:term":[{"taxonomy":"category","embeddable":true,"href":"https:\/\/comunitamagnificat.org\/es\/wp-json\/wp\/v2\/categories?post=25954"},{"taxonomy":"post_tag","embeddable":true,"href":"https:\/\/comunitamagnificat.org\/es\/wp-json\/wp\/v2\/tags?post=25954"}],"curies":[{"name":"wp","href":"https:\/\/api.w.org\/{rel}","templated":true}]}}