{"id":27839,"date":"2026-04-30T21:59:37","date_gmt":"2026-04-30T19:59:37","guid":{"rendered":"https:\/\/comunitamagnificat.org\/los-corazones-se-reparan\/"},"modified":"2026-04-30T21:59:39","modified_gmt":"2026-04-30T19:59:39","slug":"los-corazones-se-reparan","status":"publish","type":"post","link":"https:\/\/comunitamagnificat.org\/es\/los-corazones-se-reparan\/","title":{"rendered":"Los corazones se reparan"},"content":{"rendered":"\n<div class=\"wp-block-columns is-layout-flex wp-container-core-columns-is-layout-9d6595d7 wp-block-columns-is-layout-flex\">\n<div class=\"wp-block-column is-layout-flow wp-block-column-is-layout-flow\">\n<div style=\"height:30px\" aria-hidden=\"true\" class=\"wp-block-spacer\"><\/div>\n\n\n\n<p>En el n\u00famero de abril del Bolet\u00edn <strong><em>Con Jes\u00fas, sobre Jes\u00fas, \u00a1construye!<\/em> <\/strong>hay los siguientes art\u00edculos:<\/p>\n\n\n\n<ul class=\"wp-block-list\">\n<li>Una <strong>imagen prof\u00e9tica<\/strong> recibida de los Directores Generales, que <strong>nos consuela<\/strong><\/li>\n\n\n\n<li>Breve <strong>cr\u00f3nica de<\/strong> la reciente <strong>misi\u00f3n a Angola<\/strong><\/li>\n\n\n\n<li>Noticias y comentarios sobre el <strong>Seminario de la Juventud en As\u00eds<\/strong><\/li>\n\n\n\n<li>Noticias del encuentro de la <strong><em>Renovaci\u00f3n Carism\u00e1tica Cat\u00f3lica<\/em><\/strong> con el <strong>Papa<\/strong><\/li>\n\n\n\n<li>Relato de un <strong>retiro<\/strong> sobre <strong>la autenticidad en las relaciones fraternas<\/strong><\/li>\n\n\n\n<li><strong>Jornada<\/strong> comunitaria en Roma con Magnificat Dominum<\/li>\n\n\n\n<li>Noticias sobre el <strong>camping de verano<\/strong> en Peschici<\/li>\n<\/ul>\n\n\n\n<div style=\"height:30px\" aria-hidden=\"true\" class=\"wp-block-spacer\"><\/div>\n\n\n\n<div data-wp-interactive=\"core\/file\" class=\"wp-block-file\"><object data-wp-bind--hidden=\"!state.hasPdfPreview\" hidden class=\"wp-block-file__embed\" data=\"https:\/\/comunitamagnificat.org\/wp-content\/uploads\/2026\/04\/Con-Gesu-su-Gesu-costruisci-n.-84-aprile-2026.pdf\" type=\"application\/pdf\" style=\"width:100%;height:600px\" aria-label=\"Incrustado de Con Ges\u00f9 su Ges\u00f9, costruisci - n. 84 - aprile 2026.\"><\/object><a id=\"wp-block-file--media-d5565143-64a8-4882-93a2-6e50fd08f3e8\" href=\"https:\/\/comunitamagnificat.org\/wp-content\/uploads\/2026\/04\/Con-Gesu-su-Gesu-costruisci-n.-84-aprile-2026.pdf\">Con Jes\u00fas en Jes\u00fas, construir &#8211; No 84 &#8211; Abril 2026 <\/a><a href=\"https:\/\/comunitamagnificat.org\/wp-content\/uploads\/2026\/04\/Con-Gesu-su-Gesu-costruisci-n.-84-aprile-2026.pdf\" class=\"wp-block-file__button wp-element-button\" download=\"\" aria-describedby=\"wp-block-file--media-d5565143-64a8-4882-93a2-6e50fd08f3e8\">Descarga<\/a><\/div>\n\n\n\n<div style=\"height:30px\" aria-hidden=\"true\" class=\"wp-block-spacer\"><\/div>\n<\/div>\n<\/div>\n\n<p><\/p>\n","protected":false},"excerpt":{"rendered":"<p>En el n\u00famero de abril del Bolet\u00edn Con Jes\u00fas, sobre Jes\u00fas, \u00a1construye! hay los siguientes art\u00edculos:<\/p>\n","protected":false},"author":3,"featured_media":27827,"comment_status":"open","ping_status":"open","sticky":false,"template":"","format":"standard","meta":{"om_disable_all_campaigns":false,"_monsterinsights_skip_tracking":false,"_monsterinsights_sitenote_active":false,"_monsterinsights_sitenote_note":"","_monsterinsights_sitenote_category":0,"_uf_show_specific_survey":0,"_uf_disable_surveys":false,"footnotes":""},"categories":[100],"tags":[],"class_list":["post-27839","post","type-post","status-publish","format-standard","has-post-thumbnail","hentry","category-sin-categorizar"],"aioseo_notices":[],"_links":{"self":[{"href":"https:\/\/comunitamagnificat.org\/es\/wp-json\/wp\/v2\/posts\/27839","targetHints":{"allow":["GET"]}}],"collection":[{"href":"https:\/\/comunitamagnificat.org\/es\/wp-json\/wp\/v2\/posts"}],"about":[{"href":"https:\/\/comunitamagnificat.org\/es\/wp-json\/wp\/v2\/types\/post"}],"author":[{"embeddable":true,"href":"https:\/\/comunitamagnificat.org\/es\/wp-json\/wp\/v2\/users\/3"}],"replies":[{"embeddable":true,"href":"https:\/\/comunitamagnificat.org\/es\/wp-json\/wp\/v2\/comments?post=27839"}],"version-history":[{"count":3,"href":"https:\/\/comunitamagnificat.org\/es\/wp-json\/wp\/v2\/posts\/27839\/revisions"}],"predecessor-version":[{"id":27843,"href":"https:\/\/comunitamagnificat.org\/es\/wp-json\/wp\/v2\/posts\/27839\/revisions\/27843"}],"wp:featuredmedia":[{"embeddable":true,"href":"https:\/\/comunitamagnificat.org\/es\/wp-json\/wp\/v2\/media\/27827"}],"wp:attachment":[{"href":"https:\/\/comunitamagnificat.org\/es\/wp-json\/wp\/v2\/media?parent=27839"}],"wp:term":[{"taxonomy":"category","embeddable":true,"href":"https:\/\/comunitamagnificat.org\/es\/wp-json\/wp\/v2\/categories?post=27839"},{"taxonomy":"post_tag","embeddable":true,"href":"https:\/\/comunitamagnificat.org\/es\/wp-json\/wp\/v2\/tags?post=27839"}],"curies":[{"name":"wp","href":"https:\/\/api.w.org\/{rel}","templated":true}]}}