{"id":18519,"date":"2024-08-22T18:13:38","date_gmt":"2024-08-22T16:13:38","guid":{"rendered":"https:\/\/comunitamagnificat.org\/2024\/08\/22\/iosua-si-iordan-preoti-ai-domnului\/"},"modified":"2024-08-22T18:14:16","modified_gmt":"2024-08-22T16:14:16","slug":"iosua-si-iordan-preoti-ai-domnului","status":"publish","type":"post","link":"https:\/\/comunitamagnificat.org\/ro\/iosua-si-iordan-preoti-ai-domnului\/","title":{"rendered":"Iosua \u0219i Iordan preo\u021bi ai Domnului"},"content":{"rendered":"\n<p class=\"has-text-align-center\"><strong>Comunitatea Magnificat s\u0103rb\u0103tore\u0219te \u00eempreun\u0103 cu \u00eentreaga Biseric\u0103 din Perugia hirotonirea preo\u021beasc\u0103 a lui Joshua \u0219i Jordan<\/strong><\/p>\n\n<div style=\"height:30px\" aria-hidden=\"true\" class=\"wp-block-spacer\"><\/div>\n<p><img loading=\"lazy\" decoding=\"async\" class=\"alignnone wp-image-6029\" src=\"https:\/\/comunitamagnificat.org\/wp-content\/uploads\/2021\/04\/Giosue-01-1.jpg\" alt=\"\" width=\"421\" height=\"300\"> <img loading=\"lazy\" decoding=\"async\" class=\"alignnone size-full wp-image-6026\" src=\"https:\/\/comunitamagnificat.org\/wp-content\/uploads\/2021\/04\/Giosue07.jpg\" alt=\"\" width=\"225\" height=\"300\"> <img loading=\"lazy\" decoding=\"async\" class=\"alignnone wp-image-6024\" src=\"https:\/\/comunitamagnificat.org\/wp-content\/uploads\/2021\/04\/Giosue-04.jpg\" alt=\"\" width=\"398\" height=\"300\"> <img loading=\"lazy\" decoding=\"async\" class=\"alignnone size-full wp-image-6025\" src=\"https:\/\/comunitamagnificat.org\/wp-content\/uploads\/2021\/04\/Giosue-05.jpg\" alt=\"\" width=\"225\" height=\"300\"> <img loading=\"lazy\" decoding=\"async\" class=\"alignnone size-full wp-image-6023\" src=\"https:\/\/comunitamagnificat.org\/wp-content\/uploads\/2021\/04\/Giosue-03.jpg\" alt=\"\" width=\"257\" height=\"300\"> <img loading=\"lazy\" decoding=\"async\" class=\"wp-image-6022 alignright\" src=\"https:\/\/comunitamagnificat.org\/wp-content\/uploads\/2021\/04\/Giosue-02.jpg\" alt=\"\" width=\"437\" height=\"299\"><\/p>\n\n<div style=\"height:30px\" aria-hidden=\"true\" class=\"wp-block-spacer\"><\/div>\n\n<p>Doi tineri cu un z\u00e2mbet \u00eensorit \u0219i un caracter deschis: ace\u0219tia sunt noii preo\u021bi din Perugia, Giosu\u00e8 Busti, 31 de ani, \u0219i Giordano Commodi, 39 de ani, care au fost hirotoni\u021bi de cardinalul Gualtiero Bassetti s\u00e2mb\u0103t\u0103, 29 iunie, \u00een catedrala San Lorenzo.<\/p>\n\n<p><strong>Joshua<\/strong>, pe care l-am v\u0103zut cresc\u00e2nd, este unul dintre cei trei fii ai Gabriellei &#8211; pe care Dumnezeu i-a chemat \u00een Comunitatea Magnificat dintre cei din prima or\u0103 &#8211; \u0219i Rolando &#8211; cunoscut sub numele de &#8222;Rambo&#8221; pentru c\u0103 este &#8222;da-da \u0219i nu-nu&#8221;, deschis \u0219i intransigent &#8211; care, \u00eempreun\u0103 cu Gabriella, face parte din Fraternitatea Betania din Perugia.<\/p>\n\n<p>El, Joshua, este membru aliat al fraternit\u0103\u021bii Elce-Perugia.<\/p>\n\n<p>Plin\u0103 de via\u021b\u0103 \u0219i bucurie, profund\u0103 \u0219i totu\u0219i simpl\u0103, prezen\u021ba sa la \u00eent\u00e2lnirile comunit\u0103\u021bii face diferen\u021ba.<\/p>\n\n<p>\u00centr-un interviu, el poveste\u0219te: &#8222;Mi-am descoperit voca\u021bia \u00een timpul carierei universitare, prin intermediul Comunit\u0103\u021bii Magnificat din Elce \u0219i al serviciului \u00een cadrul Pastoralei Diocezane a Tinerilor, lucr\u00e2nd, ca t\u00e2n\u0103r printre tineri, al\u0103turi de preo\u021bii responsabili.<\/p>\n\n<p>Cu naturale\u021be, el vorbe\u0219te despre o chemare care \u0219i-a f\u0103cut loc \u00een inima sa, f\u0103c\u00e2ndu-l s\u0103 simt\u0103 &#8222;dorin\u021ba de a-mi d\u0103rui \u00eentreaga via\u021b\u0103 Lui, \u00eentr-un mod special, de a da \u00eenapoi \u00een mod gratuit tot ceea ce am primit gratuit.<\/p>\n\n<p>Astfel, dup\u0103 ce a absolvit \u0218tiin\u021be Politice, a intrat \u00een Seminar.\n&#8222;Anii din seminar mi-au servit la maturizarea unei alegeri mai con\u0219tiente \u0219i m-au ajutat \u00een drumul meu de cre\u0219tere uman\u0103, precum \u0219i \u00een cunoa\u0219terea tot mai profund\u0103 a frumuse\u021bii \u0219i dificult\u0103\u021bilor vie\u021bii preo\u021be\u0219ti&#8221;. <\/p>\n\n<p>Dup\u0103 cei \u0219ase ani de formare la Seminarul Regional Pontifical din Umbria, a fost hirotonit diacon \u00een septembrie 2018 \u0219i primit \u00een Collegio Capranica din Roma pentru a-\u0219i continua studiile cu o Licen\u021b\u0103 \u00een Drept Canonic la Universitatea Pontifical\u0103 Gregorian\u0103.<\/p>\n\n<p><strong>Giordano: <\/strong>o voca\u021bie care urm\u0103re\u0219te experien\u021ba primilor apostoli care, pe malul lacului Galileea, \u0219i-au abandonat plasele pentru a-l urma pe Maestru.\n&#8222;Mai aveam doar c\u00e2teva examene p\u00e2n\u0103 la absolvirea Facult\u0103\u021bii de Chimie \u0219i Tehnologie Farmaceutic\u0103 \u0219i lucram deja de cinci ani \u00eentr-o farmacie&#8221;, poveste\u0219te el, &#8222;c\u00e2nd, dup\u0103 parcurgerea celor 10 porunci care m\u0103 readuseser\u0103 la Dumnezeu, am intrat \u00een via\u021ba parohiei Castel del Piano \u0219i mai t\u00e2rziu am l\u0103sat totul pentru Isus.\nDe fapt, \u00een participarea activ\u0103 la activit\u0103\u021bile parohiale, inclusiv pelerinaje, cateheze \u0219i servicii, &#8222;a crescut \u00een mine dorin\u021ba de a m\u0103 d\u0103rui, de a-mi petrece via\u021ba \u00een totalitate pentru al\u021bii \u0219i mi-am dat seama c\u0103, cu c\u00e2t m\u0103 d\u0103ruiam mai mult, cu at\u00e2t primeam mai mult&#8221;.  <\/p>\n\n<p>Cuvinte frumoase care ne ating profund \u0219i pentru c\u0103 Giordano este apropiat de Comunitatea Magnificat, deoarece sluje\u0219te \u00een parohia S Barnaba din Perugia, unde tr\u0103ie\u0219te Fraternitatea noastr\u0103.<\/p>\n\n<p>\u00cen timpul omiliei sale la celebrarea liturgic\u0103 a hirotonirii, cardinalul a recomandat ca voca\u021bia preo\u021beasc\u0103 s\u0103 fie p\u0103strat\u0103 \u00eentotdeauna \u00een iubirea lui Cristos: &#8222;\u00cen c\u00e2teva momente \u00eei voi \u00eentreba pe candida\u021bi: &#8222;dori\u021bi s\u0103 fi\u021bi uni\u021bi tot mai str\u00e2ns cu Cristos Marele Preot, care, ca o victim\u0103 curat\u0103, s-a oferit Tat\u0103lui, consacr\u00e2ndu-v\u0103 lui Dumnezeu pentru m\u00e2ntuirea omenirii?&#8221; \u0219i voi ve\u021bi r\u0103spunde: &#8222;Da, cu ajutorul lui Dumnezeu, vreau!\n\u00centr-un cuv\u00e2nt, <strong>v\u0103 angaja\u021bi s\u0103 v\u0103 preda\u021bi lui Hristos<\/strong>! \u0218i ce presupune o astfel de predare?\nCu siguran\u021b\u0103 angajamentul de a-L iubi! <strong>S\u0103-L iubi\u021bi ca fiind totul pentru via\u021ba voastr\u0103. S\u0103-L iubi\u021bi ca Tat\u0103, ca frate, ca so\u021b, ca prieten&#8230;.. <\/strong>Via\u021ba unui preot, \u00een cuvinte \u0219i t\u0103ceri, \u00een ac\u021biune sau \u00een rug\u0103ciune, trebuie s\u0103 \u021beas\u0103 continuu p\u00e2nza acestei iubiri.\n\u0218i nu este o iubire de &#8222;piele&#8221;, tumultoas\u0103 \u0219i inconstant\u0103, ca cea a unui adolescent, este o iubire calm\u0103 \u0219i puternic\u0103, senin\u0103 \u0219i capabil\u0103 s\u0103 mi\u0219te via\u021ba, capabil\u0103 s\u0103 sature via\u021ba.\n <strong>Aceast\u0103 iubire foarte personal\u0103 pentru Isus Cristos<\/strong> este cea care sus\u021bine \u0219i motiveaz\u0103 slujirea noastr\u0103, <strong>ne face<\/strong> <strong>preo\u021bi &#8222;convin\u0219i&#8221;, preo\u021bi care &#8222;cred cu adev\u0103rat&#8221;,<\/strong> cum se spune <strong>.<\/strong>    <\/p>\n\n<p>Iubirea pentru Hristos, dragii mei, v\u0103 va face s\u0103 ridica\u021bi Biblia, v\u0103 va face s\u0103 v\u0103 opri\u021bi, precum Maria \u00een Betania, st\u00e2nd la picioarele lui Hristos, \u00een timp ce El v\u0103 vorbe\u0219te \u0219i v\u0103 prive\u0219te.<\/p>\n\n<p>Dragostea pentru Isus v\u0103 va face s\u0103 lua\u021bi Liturghia Orelor cu fidelitate zilnic\u0103, pentru a vorbi mirelui cu vocea miresei, pentru a aduce \u00eenaintea lui Dumnezeu lauda, gemetele, a\u0219teptarea, m\u0103rturisirea de credin\u021b\u0103 a poporului nostru.<\/p>\n\n<p>Dragostea pentru Hristos te va face s\u0103 iei c\u0103r\u021bi de teologie, spiritualitate, liturghie, pentru a-L cunoa\u0219te mai bine pe Cel pe care \u00eel iubim \u0219i pentru a-L face mai bine cunoscut celor c\u0103rora ne adres\u0103m.\nDin dragoste pentru Hristos, trebuie s\u0103 te folose\u0219ti de toate mijloacele de comunicare pentru a cunoa\u0219te chipul genera\u021biei acestui veac, pe care suntem trimi\u0219i s\u0103 o privim \u0219i s\u0103 o slujim cu ochii lui Dumnezeu. <\/p>\n\n<p><strong>Intensitatea iubirii pentru Hristos este cea care v\u0103 va expropria de spa\u021biu \u0219i timp<\/strong> \u0219i v\u0103 <strong>va<\/strong> face s\u0103 v\u0103 apropia\u021bi cu bucurie \u0219i curaj de calea copiilor, tinerilor, adul\u021bilor, b\u0103tr\u00e2nilor din fiecare genera\u021bie pentru a <strong>v\u0103<\/strong> face fra\u021bi, pentru a <strong>v\u0103 face &#8222;totul pentru to\u021bi oamenii&#8221; \u00een scopul de a &#8222;c\u00e2\u0219tiga pe cineva pentru cauza Evangheliei&#8221;.<\/strong><\/p>\n\n<p>Este \u00eenc\u0103 tandre\u021bea iubirii lui Isus care v\u0103 va conduce s\u0103 traversa\u021bi orice geografie uman\u0103 \u0219i s\u0103 fi\u021bi cet\u0103\u021beni ai regiunilor de bucurie, precum \u0219i ai celor de pl\u00e2ns, &#8222;s\u0103 pl\u00e2nge\u021bi cu cei care pl\u00e2ng&#8221; \u0219i &#8222;s\u0103 r\u00e2de\u021bi cu cei care r\u00e2d&#8221;; s\u0103 nu v\u0103 ascunde\u021bi fa\u021ba sub m\u0103\u0219ti de ocazie, ci s\u0103 fi\u021bi \u00een raport cu fiecare creatur\u0103, vizibilitatea fe\u021bei Tat\u0103lui.\nIat\u0103 ce \u00eenseamn\u0103 s\u0103 te redai lui Cristos, s\u0103 \u00eei permi\u021bi s\u0103 \u00ee\u021bi umple mintea, inima, trupul, faptele, cuvintele, pentru a-i putea spune cu un adev\u0103r simplu \u0219i dezarmant: &#8222;Doamne, iubirea ta valoreaz\u0103 mai mult dec\u00e2t via\u021ba&#8221;. <\/p>\n\n<p>Cei doi tineri preo\u021bi au intrat \u00een Ordinul Presbiteral cu inimile pline de recuno\u0219tin\u021b\u0103, iar mul\u021bumirile lor la sf\u00e2r\u0219itul celebr\u0103rii au fost mai mult dec\u00e2t formale: mai \u00eent\u00e2i lui Dumnezeu, Bisericii, familiilor lor.<\/p>\n\n<p>Formatorilor de la seminar, preo\u021bilor parohi care au ajutat la slujire \u0219i care au ar\u0103tat concret cum \u00ee\u0219i cheltuie\u0219te preotul energiile cu dragoste pentru turma care i-a fost \u00eencredin\u021bat\u0103.<\/p>\n\n<p>Pentru dragul nostru prieten Giampiero Morettini, t\u00e2n\u0103rul seminarist &#8222;locuit de Cristos&#8221;, care &#8222;nu \u00ee\u021bi d\u0103dea impresia cuiva care a l\u0103sat ceva, ci a cuiva care a g\u0103sit pe Cineva&#8221;.\nGiampiero, care a murit pred\u00e2ndu-se Domnului \u00een august 2014 dup\u0103 o interven\u021bie chirurgical\u0103, a l\u0103sat o amprent\u0103 vie asupra tuturor colegilor s\u0103i de seminar. <\/p>\n\n<p>\u0218i noi, cei din Comunitatea Magnificat, dorim s\u0103 ne al\u0103tur\u0103m acestei mul\u021bumiri, fiind \u00eenc\u0103 o dat\u0103 onora\u021bi s\u0103 putem oferi Bisericii tineri care \u00eel aleg pe Hristos ca prima lor iubire, care se dedic\u0103 Evangheliei, care se pun \u00een slujba Bisericii.\n\u00cempreun\u0103 cu Joshua \u0219i Jordan, spunem \u0219i noi: s\u0103 \u00eentoarcem cu bucurie lui Dumnezeu ceea ce ne-a d\u0103ruit. <\/p>\n\n<p class=\"has-text-align-right\"><strong><em>Daniela Lightning<\/em><\/strong><\/p>\n\n<p class=\"has-text-align-left\">(*) cuvintele Cardinalului Bassetti cu ocazia zilei comemorative Giampiero Morettini din 1 iunie 2016.<\/p>\n","protected":false},"excerpt":{"rendered":"<p>Comunitatea Magnificat s\u0103rb\u0103tore\u0219te \u00eempreun\u0103 cu \u00eentreaga Biseric\u0103 din Perugia hirotonirea preo\u021beasc\u0103 a lui Joshua \u0219i Jordan Doi tineri cu un z\u00e2mbet \u00eensorit \u0219i un caracter deschis: ace\u0219tia sunt noii preo\u021bi din Perugia, Giosu\u00e8 Busti, 31 de ani, \u0219i Giordano Commodi, 39 de ani, care au fost hirotoni\u021bi de cardinalul Gualtiero Bassetti s\u00e2mb\u0103t\u0103, 29 iunie, \u00een [&hellip;]<\/p>\n","protected":false},"author":4,"featured_media":11426,"comment_status":"open","ping_status":"closed","sticky":false,"template":"","format":"standard","meta":{"om_disable_all_campaigns":false,"_monsterinsights_skip_tracking":false,"_monsterinsights_sitenote_active":false,"_monsterinsights_sitenote_note":"","_monsterinsights_sitenote_category":0,"_uf_show_specific_survey":0,"_uf_disable_surveys":false,"footnotes":""},"categories":[142],"tags":[143,144,145,146],"class_list":["post-18519","post","type-post","status-publish","format-standard","has-post-thumbnail","hentry","category-articole","tag-gioradano-ro","tag-iosua","tag-perugia-ro","tag-preoti"],"aioseo_notices":[],"_links":{"self":[{"href":"https:\/\/comunitamagnificat.org\/ro\/wp-json\/wp\/v2\/posts\/18519","targetHints":{"allow":["GET"]}}],"collection":[{"href":"https:\/\/comunitamagnificat.org\/ro\/wp-json\/wp\/v2\/posts"}],"about":[{"href":"https:\/\/comunitamagnificat.org\/ro\/wp-json\/wp\/v2\/types\/post"}],"author":[{"embeddable":true,"href":"https:\/\/comunitamagnificat.org\/ro\/wp-json\/wp\/v2\/users\/4"}],"replies":[{"embeddable":true,"href":"https:\/\/comunitamagnificat.org\/ro\/wp-json\/wp\/v2\/comments?post=18519"}],"version-history":[{"count":1,"href":"https:\/\/comunitamagnificat.org\/ro\/wp-json\/wp\/v2\/posts\/18519\/revisions"}],"predecessor-version":[{"id":18524,"href":"https:\/\/comunitamagnificat.org\/ro\/wp-json\/wp\/v2\/posts\/18519\/revisions\/18524"}],"wp:featuredmedia":[{"embeddable":true,"href":"https:\/\/comunitamagnificat.org\/ro\/wp-json\/wp\/v2\/media\/11426"}],"wp:attachment":[{"href":"https:\/\/comunitamagnificat.org\/ro\/wp-json\/wp\/v2\/media?parent=18519"}],"wp:term":[{"taxonomy":"category","embeddable":true,"href":"https:\/\/comunitamagnificat.org\/ro\/wp-json\/wp\/v2\/categories?post=18519"},{"taxonomy":"post_tag","embeddable":true,"href":"https:\/\/comunitamagnificat.org\/ro\/wp-json\/wp\/v2\/tags?post=18519"}],"curies":[{"name":"wp","href":"https:\/\/api.w.org\/{rel}","templated":true}]}}