{"id":18542,"date":"2024-08-22T18:14:37","date_gmt":"2024-08-22T16:14:37","guid":{"rendered":"https:\/\/comunitamagnificat.org\/2024\/08\/22\/directorii-generali-alesi\/"},"modified":"2024-08-22T18:14:57","modified_gmt":"2024-08-22T16:14:57","slug":"directorii-generali-alesi","status":"publish","type":"post","link":"https:\/\/comunitamagnificat.org\/ro\/directorii-generali-alesi\/","title":{"rendered":"Directorii generali ale\u0219i"},"content":{"rendered":"\n<p>Duminic\u0103, 10 februarie 2019, la Roma, Adunarea General\u0103 a Comunit\u0103\u021bii Magnificat, format\u0103 din B\u0103tr\u00e2nii \u0219i Moderatorii Fraternit\u0103\u021bilor \u0219i Zonelor care o compun, a ales noii Lideri Generali care vor servi pentru perioada de trei ani 2019-2022.<\/p>\n\n<p>Au fost ale\u0219i urm\u0103torii: <em>Giuseppe Piegai<\/em>, <em>Maria Rita Castellani<\/em>, <em>Stefano Ragnacci<\/em>, <em>Teresa Ciociola <\/em>\u0219i <em>Vicenzo Genovese<\/em>.<\/p>\n\n<p>Cei aproximativ cincizeci de participan\u021bi fuseser\u0103 aduna\u021bi \u00eenc\u0103 din ziua precedent\u0103.\nRetragerea \u00eencepuse cu celebrarea euharistic\u0103, prezidat\u0103 de p\u0103rintele Victor-Emilian Dumitrescu, consilier spiritual general al Comunit\u0103\u021bii Magnificat.\nModeratorul general demisionar, Daniele Mezzetti, a \u021binut apoi un discurs pentru a povesti cei trei ani de slujire al\u0103turi de ceilal\u021bi responsabili.\nTema interna\u021bionaliz\u0103rii Comunit\u0103\u021bii \u0219i a \u00eenso\u021birii pe care o prime\u0219te din partea Dicasterului pentru Laici, Familie \u0219i Via\u021b\u0103 pentru aprobarea noului Statut a caracterizat prima parte.\nDaniel a abordat apoi tema provoc\u0103rilor care se profileaz\u0103 la orizont, deschiz\u00e2nd pentru adunare un timp de larg\u0103 \u00eemp\u0103rt\u0103\u0219ire \u00een care participan\u021bii au putut aduce propriile contribu\u021bii pentru reflec\u021bie.\nAdora\u021bia euharistic\u0103 a \u00eencheiat apoi prima zi de retragere.     <\/p>\n\n<p>Duminic\u0103 diminea\u021ba, p\u0103rintele Victor a \u021binut o catehez\u0103 profund\u0103 despre ascultarea voin\u021bei lui Dumnezeu pentru a preg\u0103ti adunarea pentru trecerea alegerii noilor conduc\u0103tori, care a avut loc \u00een timpul prezen\u021bei lui Isus Euharistic expus solemn.<\/p>\n\n<p>De asemenea, au fost ale\u0219i cei \u0219apte membri ai consiliului general care vor sprijini directorii generali \u00een urm\u0103torii trei ani: Andrea Orsini, Luigi Montesi, Susanna Bettelli, Oreste Pesare, Daniele Mezzetti, Francesco Fressoia \u0219i Massimo Roscini.<\/p>\n\n<p>Diminea\u021ba s-a \u00eencheiat cu celebrarea euharistic\u0103 prezidat\u0103 de p\u0103rintele Luca Bartoccini.\nEvanghelia zilei, preluat\u0103 din Evanghelia dup\u0103 Luca, s-a dovedit deosebit de l\u0103muritoare: &#8222;Dup\u0103 ce a terminat de vorbit, i-a spus lui Simon: &#8222;Du-te \u00een mare \u0219i arunc\u0103-\u021bi plasele pentru pescuit. <\/p>\n\n<p>Fie ca Comunitatea Magnificat s\u0103 r\u0103spund\u0103 pe deplin, precum Simon Petru, invita\u021biei Domnului:<em>&#8222;Pe Cuv\u00e2ntul Lui voi arunca plasele<\/em>&#8221; \u0219i s\u0103 corespund\u0103 din ce \u00een ce mai mult chem\u0103rii pe care Domnul o face celor ai S\u0103i<em>: &#8222;Merge\u021bi \u00een toat\u0103 lumea \u0219i propov\u0103dui\u021bi Evanghelia la orice f\u0103ptur\u0103<\/em>&#8221; (Marcu, 16.15).<\/p>\n\n<div class=\"wp-block-image\"><figure class=\"aligncenter\"><picture data-lightbox=\"\"><img decoding=\"async\" src=\"https:\/\/old.comunitamagnificat.org\/wp-content\/uploads\/2019\/02\/WhatsApp-Image-2019-02-13-at-15.59.371-1024x768.jpeg\" alt=\"WhatsApp Imagine 2019-02-13 la 15.59.37(1)\" class=\"wp-image-5459\"\/><\/picture><\/figure><\/div>\n\n<div class=\"wp-block-image\"><figure class=\"aligncenter\"><picture data-lightbox=\"\"><img decoding=\"async\" src=\"https:\/\/old.comunitamagnificat.org\/wp-content\/uploads\/2019\/02\/WhatsApp-Image-2019-02-13-at-15.59.37-1024x768.jpeg\" alt=\"WhatsApp Imagine 2019-02-13 la 15.59.37\" class=\"wp-image-5461\"\/><\/picture><\/figure><\/div>\n\n<div class=\"wp-block-image\"><figure class=\"aligncenter\"><picture data-lightbox=\"\"><img decoding=\"async\" src=\"https:\/\/old.comunitamagnificat.org\/wp-content\/uploads\/2019\/02\/WhatsApp-Image-2019-02-13-at-15.59.381-1024x768.jpeg\" alt=\"WhatsApp Imagine 2019-02-13 la 15.59.38(1)\" class=\"wp-image-5462\"\/><\/picture><\/figure><\/div>\n\n<div class=\"wp-block-image\"><figure class=\"aligncenter\"><picture data-lightbox=\"\"><img decoding=\"async\" src=\"https:\/\/old.comunitamagnificat.org\/wp-content\/uploads\/2019\/02\/WhatsApp-Image-2019-02-13-at-15.59.382-1024x580.jpeg\" alt=\"WhatsApp Imagine 2019-02-13 la 15.59.38(2)\" class=\"wp-image-5463\"\/><\/picture><\/figure><\/div>\n\n<div class=\"wp-block-image\"><figure class=\"aligncenter\"><picture data-lightbox=\"\"><img decoding=\"async\" src=\"https:\/\/old.comunitamagnificat.org\/wp-content\/uploads\/2019\/02\/WhatsApp-Image-2019-02-13-at-15.59.38-1024x768.jpeg\" alt=\"WhatsApp Imagine 2019-02-13 la 15.59.38\" class=\"wp-image-5464\"\/><\/picture><\/figure><\/div>\n\n<div style=\"height:50px\" aria-hidden=\"true\" class=\"wp-block-spacer\"><\/div>\n","protected":false},"excerpt":{"rendered":"<p>Duminic\u0103, 10 februarie 2019, la Roma, Adunarea General\u0103 a Comunit\u0103\u021bii Magnificat, format\u0103 din B\u0103tr\u00e2nii \u0219i Moderatorii Fraternit\u0103\u021bilor \u0219i Zonelor care o compun, a ales noii Lideri Generali care vor servi pentru perioada de trei ani 2019-2022. Au fost ale\u0219i urm\u0103torii: Giuseppe Piegai, Maria Rita Castellani, Stefano Ragnacci, Teresa Ciociola \u0219i Vicenzo Genovese. Cei aproximativ cincizeci [&hellip;]<\/p>\n","protected":false},"author":4,"featured_media":11466,"comment_status":"open","ping_status":"closed","sticky":false,"template":"","format":"standard","meta":{"om_disable_all_campaigns":false,"_monsterinsights_skip_tracking":false,"_monsterinsights_sitenote_active":false,"_monsterinsights_sitenote_note":"","_monsterinsights_sitenote_category":0,"_uf_show_specific_survey":0,"_uf_disable_surveys":false,"footnotes":""},"categories":[142,133],"tags":[177,136,178,179,180,181,182],"class_list":["post-18542","post","type-post","status-publish","format-standard","has-post-thumbnail","hentry","category-articole","category-noutati","tag-alegeri","tag-directori-generali","tag-giuseppe-piegai-ro","tag-maria-rita-castellani-ro","tag-stefano-ragnacci-ro","tag-teresa-ciociola-ro","tag-vincenzo-genovese-ro"],"aioseo_notices":[],"_links":{"self":[{"href":"https:\/\/comunitamagnificat.org\/ro\/wp-json\/wp\/v2\/posts\/18542","targetHints":{"allow":["GET"]}}],"collection":[{"href":"https:\/\/comunitamagnificat.org\/ro\/wp-json\/wp\/v2\/posts"}],"about":[{"href":"https:\/\/comunitamagnificat.org\/ro\/wp-json\/wp\/v2\/types\/post"}],"author":[{"embeddable":true,"href":"https:\/\/comunitamagnificat.org\/ro\/wp-json\/wp\/v2\/users\/4"}],"replies":[{"embeddable":true,"href":"https:\/\/comunitamagnificat.org\/ro\/wp-json\/wp\/v2\/comments?post=18542"}],"version-history":[{"count":1,"href":"https:\/\/comunitamagnificat.org\/ro\/wp-json\/wp\/v2\/posts\/18542\/revisions"}],"predecessor-version":[{"id":18543,"href":"https:\/\/comunitamagnificat.org\/ro\/wp-json\/wp\/v2\/posts\/18542\/revisions\/18543"}],"wp:featuredmedia":[{"embeddable":true,"href":"https:\/\/comunitamagnificat.org\/ro\/wp-json\/wp\/v2\/media\/11466"}],"wp:attachment":[{"href":"https:\/\/comunitamagnificat.org\/ro\/wp-json\/wp\/v2\/media?parent=18542"}],"wp:term":[{"taxonomy":"category","embeddable":true,"href":"https:\/\/comunitamagnificat.org\/ro\/wp-json\/wp\/v2\/categories?post=18542"},{"taxonomy":"post_tag","embeddable":true,"href":"https:\/\/comunitamagnificat.org\/ro\/wp-json\/wp\/v2\/tags?post=18542"}],"curies":[{"name":"wp","href":"https:\/\/api.w.org\/{rel}","templated":true}]}}