{"id":18707,"date":"2024-08-22T18:20:43","date_gmt":"2024-08-22T16:20:43","guid":{"rendered":"https:\/\/comunitamagnificat.org\/2024\/08\/22\/directorii-generali-alesi-2\/"},"modified":"2024-08-22T18:20:49","modified_gmt":"2024-08-22T16:20:49","slug":"directorii-generali-alesi-2","status":"publish","type":"post","link":"https:\/\/comunitamagnificat.org\/ro\/directorii-generali-alesi-2\/","title":{"rendered":"Directorii generali ale\u0219i"},"content":{"rendered":"\n<div style=\"height:30px\" aria-hidden=\"true\" class=\"wp-block-spacer\"><\/div>\n\n<p>\u00cen cea de-a cincea duminic\u0103 a Postului Mare din Anul Sf\u00e2nt al Milostivirii, Capitolul Comunit\u0103\u021bii Magnificat a ales <strong>noii manageri generali<\/strong> care vor servi pentru perioada de trei ani 2016 &#8211; 2019:<\/p>\n\n<p><strong><em>Andrea Orsini<\/em><\/strong>,<strong> <em>Daniele Mezzetti<\/em><\/strong>,<strong> <em>Giuseppe Piegai<\/em><\/strong>,<strong> <\/strong><em><strong>Michele Rossetti<\/strong> <\/em>e<strong> <em>Teresa Ciociola<\/em><\/strong><br\/><br\/>Retragerea a \u00eenceput s\u00e2mb\u0103t\u0103, 12 martie, \u0219i s-a desf\u0103\u0219urat \u00eentr-o atmosfer\u0103 de mare senin\u0103tate \u0219i unitate, \u00een care un spa\u021biu mare a fost rezervat rug\u0103ciunii \u0219i ascult\u0103rii vocii Domnului, la care au participat b\u0103tr\u00e2nii Comunit\u0103\u021bii \u0219i reprezentan\u021bii tuturor Fraternit\u0103\u021bilor unde nu a fost prezent niciun b\u0103tr\u00e2n.<\/p>\n\n<div style=\"height:30px\" aria-hidden=\"true\" class=\"wp-block-spacer\"><\/div>\n\n<p>Moderatorul demisionar, <strong>Daniele Mezzetti<\/strong>, a f\u0103cut un bilan\u021b al mandatului \u00eencheiat, dup\u0103 care Capitolul a deliberat asupra unor orient\u0103ri privind via\u021ba zonelor comunitare pentru urm\u0103torii trei ani.<\/p>\n\n<div style=\"height:30px\" aria-hidden=\"true\" class=\"wp-block-spacer\"><\/div>\n\n<p>De asemenea, Capito a votat cu privire la<strong> membrii ale\u0219i \u00een Consiliul General<\/strong>; au fost ale\u0219i urm\u0103torii seniori: <strong>Francesco Fressoia<\/strong>, <strong>Luigi Montesi<\/strong>, <strong>Massimo Roscini<\/strong>, <strong>Oreste Pesare<\/strong>, <strong>Paolo Bartoccini<\/strong>, <strong>Stefano Ragnacci<\/strong> \u0219i <strong>Vincenzo Genovese<\/strong>.<\/p>\n\n<div style=\"height:30px\" aria-hidden=\"true\" class=\"wp-block-spacer\"><\/div>\n\n<p>Retragerea s-a \u00eencheiat cu invocarea Duhului Sf\u00e2nt asupra noilor lideri generali.<\/p>\n\n<div style=\"height:30px\" aria-hidden=\"true\" class=\"wp-block-spacer\"><\/div>\n\n<p>\u00cen mai multe momente, to\u021bi participan\u021bii au \u00een\u0103l\u021bat o puternic\u0103 mijlocire c\u0103tre Domnul pentru Tarcisio Mezzetti, pentru momentul delicat prin care trece.<\/p>\n\n<div style=\"height:50px\" aria-hidden=\"true\" class=\"wp-block-spacer\"><\/div>\n","protected":false},"excerpt":{"rendered":"<p>\u00cen cea de-a cincea duminic\u0103 a Postului Mare din Anul Sf\u00e2nt al Milostivirii, Capitolul Comunit\u0103\u021bii Magnificat a ales noii manageri generali care vor servi pentru perioada de trei ani 2016 &#8211; 2019: Andrea Orsini, Daniele Mezzetti, Giuseppe Piegai, Michele Rossetti e Teresa Ciociola Retragerea a \u00eenceput s\u00e2mb\u0103t\u0103, 12 martie, \u0219i s-a desf\u0103\u0219urat \u00eentr-o atmosfer\u0103 de [&hellip;]<\/p>\n","protected":false},"author":4,"featured_media":11614,"comment_status":"open","ping_status":"closed","sticky":false,"template":"","format":"standard","meta":{"om_disable_all_campaigns":false,"_monsterinsights_skip_tracking":false,"_monsterinsights_sitenote_active":false,"_monsterinsights_sitenote_note":"","_monsterinsights_sitenote_category":0,"_uf_show_specific_survey":0,"_uf_disable_surveys":false,"footnotes":""},"categories":[133],"tags":[136],"class_list":["post-18707","post","type-post","status-publish","format-standard","has-post-thumbnail","hentry","category-noutati","tag-directori-generali"],"aioseo_notices":[],"_links":{"self":[{"href":"https:\/\/comunitamagnificat.org\/ro\/wp-json\/wp\/v2\/posts\/18707","targetHints":{"allow":["GET"]}}],"collection":[{"href":"https:\/\/comunitamagnificat.org\/ro\/wp-json\/wp\/v2\/posts"}],"about":[{"href":"https:\/\/comunitamagnificat.org\/ro\/wp-json\/wp\/v2\/types\/post"}],"author":[{"embeddable":true,"href":"https:\/\/comunitamagnificat.org\/ro\/wp-json\/wp\/v2\/users\/4"}],"replies":[{"embeddable":true,"href":"https:\/\/comunitamagnificat.org\/ro\/wp-json\/wp\/v2\/comments?post=18707"}],"version-history":[{"count":1,"href":"https:\/\/comunitamagnificat.org\/ro\/wp-json\/wp\/v2\/posts\/18707\/revisions"}],"predecessor-version":[{"id":18709,"href":"https:\/\/comunitamagnificat.org\/ro\/wp-json\/wp\/v2\/posts\/18707\/revisions\/18709"}],"wp:featuredmedia":[{"embeddable":true,"href":"https:\/\/comunitamagnificat.org\/ro\/wp-json\/wp\/v2\/media\/11614"}],"wp:attachment":[{"href":"https:\/\/comunitamagnificat.org\/ro\/wp-json\/wp\/v2\/media?parent=18707"}],"wp:term":[{"taxonomy":"category","embeddable":true,"href":"https:\/\/comunitamagnificat.org\/ro\/wp-json\/wp\/v2\/categories?post=18707"},{"taxonomy":"post_tag","embeddable":true,"href":"https:\/\/comunitamagnificat.org\/ro\/wp-json\/wp\/v2\/tags?post=18707"}],"curies":[{"name":"wp","href":"https:\/\/api.w.org\/{rel}","templated":true}]}}