{"id":18746,"date":"2024-08-22T18:22:19","date_gmt":"2024-08-22T16:22:19","guid":{"rendered":"https:\/\/comunitamagnificat.org\/2024\/08\/22\/a-iii-a-retragere-mondiala-pentru-preoti\/"},"modified":"2024-08-22T18:22:24","modified_gmt":"2024-08-22T16:22:24","slug":"a-iii-a-retragere-mondiala-pentru-preoti","status":"publish","type":"post","link":"https:\/\/comunitamagnificat.org\/ro\/a-iii-a-retragere-mondiala-pentru-preoti\/","title":{"rendered":"A III-a retragere mondial\u0103 pentru preo\u021bi"},"content":{"rendered":"\n<div style=\"height:30px\" aria-hidden=\"true\" class=\"wp-block-spacer\"><\/div>\n\n<p>Datorit\u0103 amabilei colabor\u0103ri cu platforma de streaming MariaTv.it, pute\u021bi urm\u0103ri aici transmisiunea \u00een direct a particip\u0103rii <strong>Papei Francisc la cea de-a treia retragere mondial\u0103 pentru preo\u021bi a <em>re\u00eennoirii carismatice catolice<\/em>, \u00eencep\u00e2nd cu ora 16.30, cu <\/strong><strong style=\"color: #2e1200;\">medita\u021bia pe tema &#8222;Transformat prin iubire \u0219i pentru iubire&#8221;.<\/strong><\/p>\n\n<div style=\"height:30px\" aria-hidden=\"true\" class=\"wp-block-spacer\"><\/div>\n\n<p><span style=\"color: #2e1200;\">Dup\u0103 aceasta, Papa va avea un moment de dialog cu preo\u021bii \u0219i va celebra Sf\u00e2nta Liturghie.<\/span><br\/><script id=\"28193_c_66146\" width=\"512\" height=\"288\" src=\"\/\/player.dacast.com\/js\/dacast_player.js\" class=\"dacast-video\"><br>Ecco anche alcune immagini che ci provengono dalla <span style=\"color: #2e1200;\">Basilica di San Giovanni in Laterano, a Roma.<!-- wpml:html_fragment <\/script>  --&gt;<\/p>\n\n<div style=\"height:30px\" aria-hidden=\"true\" class=\"wp-block-spacer\"><\/div>\n\n<p>Mul\u021bumim Francesca \u0219i Daniela pentru fotografiile pe care ni le-au trimis:  <\/p>\n\n<div style=\"height:30px\" aria-hidden=\"true\" class=\"wp-block-spacer\"><\/div>\n\n<figure class=\"wp-block-gallery columns-3 is-cropped wp-block-gallery-1 is-layout-flex wp-block-gallery-is-layout-flex\"><ul class=\"blocks-gallery-grid\"><li class=\"blocks-gallery-item\"><figure><img loading=\"lazy\" decoding=\"async\" width=\"576\" height=\"1024\" src=\"https:\/\/comunitamagnificat.org\/wp-content\/uploads\/2015\/06\/Preti-2-576x1024.jpg\" alt=\"\" data-id=\"6266\" data-full-url=\"https:\/\/comunitamagnificat.org\/wp-content\/uploads\/2015\/06\/Preti-2.jpg\" data-link=\"https:\/\/comunitamagnificat.org\/?attachment_id=6266\" class=\"wp-image-6266\"\/><figcaption class=\"blocks-gallery-item__caption\">Un moment de adora\u021bie euharistic\u0103 la S.Giovanni in Laternano<\/figcaption><\/figure><\/li><li class=\"blocks-gallery-item\"><figure><img loading=\"lazy\" decoding=\"async\" width=\"576\" height=\"1024\" src=\"https:\/\/comunitamagnificat.org\/wp-content\/uploads\/2015\/06\/Preti-3-576x1024.jpg\" alt=\"\" data-id=\"6267\" data-full-url=\"https:\/\/comunitamagnificat.org\/wp-content\/uploads\/2015\/06\/Preti-3.jpg\" data-link=\"https:\/\/comunitamagnificat.org\/?attachment_id=6267\" class=\"wp-image-6267\"\/><figcaption class=\"blocks-gallery-item__caption\">Don Livio Tacchini \u00een timpul catehezei \"pre\u021bul reconcilierii<\/figcaption><\/figure><\/li><li class=\"blocks-gallery-item\"><figure><img decoding=\"async\" src=\"https:\/\/comunitamagnificat.org\/wp-content\/uploads\/2015\/06\/Preti-4-576x1024.jpg\" alt=\"\" data-id=\"6268\" data-full-url=\"https:\/\/comunitamagnificat.org\/wp-content\/uploads\/2015\/06\/Preti-4.jpg\" data-link=\"https:\/\/comunitamagnificat.org\/?attachment_id=6268\" class=\"wp-image-6268\"\/><figcaption class=\"blocks-gallery-item__caption\">Preg\u0103tirea pentru sp\u0103larea picioarelor \u00een prima zi a retragerii<\/figcaption><\/figure><\/li><li class=\"blocks-gallery-item\"><figure><img loading=\"lazy\" decoding=\"async\" width=\"1024\" height=\"576\" src=\"https:\/\/comunitamagnificat.org\/wp-content\/uploads\/2015\/06\/Preti-1-1024x576.jpg\" alt=\"\" data-id=\"6265\" data-full-url=\"https:\/\/comunitamagnificat.org\/wp-content\/uploads\/2015\/06\/Preti-1.jpg\" data-link=\"https:\/\/comunitamagnificat.org\/?attachment_id=6265\" class=\"wp-image-6265\"\/><figcaption class=\"blocks-gallery-item__caption\">Din st\u00e2nga: P\u0103rintele Davide din fraternitatea Piacenza, P\u0103rintele Livio din fraternitatea Citt\u00e0 di Castello, P\u0103rintele Luca din fraternitatea San Donato all'Elce, P\u0103rintele Fabrizio din fraternitatea Marti, P\u0103rintele Jean-Jacques din Roma<\/figcaption><\/figure><\/li><\/ul><\/figure>\n\n<div style=\"height:50px\" aria-hidden=\"true\" class=\"wp-block-spacer\"><\/div>\n","protected":false},"excerpt":{"rendered":"<p>Datorit\u0103 amabilei colabor\u0103ri cu platforma de streaming MariaTv.it, pute\u021bi urm\u0103ri aici transmisiunea \u00een direct a particip\u0103rii Papei Francisc la cea de-a treia retragere mondial\u0103 pentru preo\u021bi a re\u00eennoirii carismatice catolice, \u00eencep\u00e2nd cu ora 16.30, cu medita\u021bia pe tema &#8222;Transformat prin iubire \u0219i pentru iubire&#8221;. Dup\u0103 aceasta, Papa va avea un moment de dialog cu preo\u021bii [&hellip;]<\/p>\n","protected":false},"author":4,"featured_media":11658,"comment_status":"open","ping_status":"closed","sticky":false,"template":"","format":"standard","meta":{"om_disable_all_campaigns":false,"_monsterinsights_skip_tracking":false,"_monsterinsights_sitenote_active":false,"_monsterinsights_sitenote_note":"","_monsterinsights_sitenote_category":0,"_uf_show_specific_survey":0,"_uf_disable_surveys":false,"footnotes":""},"categories":[133],"tags":[282],"class_list":["post-18746","post","type-post","status-publish","format-standard","has-post-thumbnail","hentry","category-noutati","tag-retragere-mondiala-a-preotilor"],"aioseo_notices":[],"_links":{"self":[{"href":"https:\/\/comunitamagnificat.org\/ro\/wp-json\/wp\/v2\/posts\/18746","targetHints":{"allow":["GET"]}}],"collection":[{"href":"https:\/\/comunitamagnificat.org\/ro\/wp-json\/wp\/v2\/posts"}],"about":[{"href":"https:\/\/comunitamagnificat.org\/ro\/wp-json\/wp\/v2\/types\/post"}],"author":[{"embeddable":true,"href":"https:\/\/comunitamagnificat.org\/ro\/wp-json\/wp\/v2\/users\/4"}],"replies":[{"embeddable":true,"href":"https:\/\/comunitamagnificat.org\/ro\/wp-json\/wp\/v2\/comments?post=18746"}],"version-history":[{"count":1,"href":"https:\/\/comunitamagnificat.org\/ro\/wp-json\/wp\/v2\/posts\/18746\/revisions"}],"predecessor-version":[{"id":18748,"href":"https:\/\/comunitamagnificat.org\/ro\/wp-json\/wp\/v2\/posts\/18746\/revisions\/18748"}],"wp:featuredmedia":[{"embeddable":true,"href":"https:\/\/comunitamagnificat.org\/ro\/wp-json\/wp\/v2\/media\/11658"}],"wp:attachment":[{"href":"https:\/\/comunitamagnificat.org\/ro\/wp-json\/wp\/v2\/media?parent=18746"}],"wp:term":[{"taxonomy":"category","embeddable":true,"href":"https:\/\/comunitamagnificat.org\/ro\/wp-json\/wp\/v2\/categories?post=18746"},{"taxonomy":"post_tag","embeddable":true,"href":"https:\/\/comunitamagnificat.org\/ro\/wp-json\/wp\/v2\/tags?post=18746"}],"curies":[{"name":"wp","href":"https:\/\/api.w.org\/{rel}","templated":true}]}}