{"id":18830,"date":"2024-08-22T18:26:44","date_gmt":"2024-08-22T16:26:44","guid":{"rendered":"https:\/\/comunitamagnificat.org\/2024\/08\/22\/camping-2019\/"},"modified":"2024-08-22T18:27:18","modified_gmt":"2024-08-22T16:27:18","slug":"camping-2019","status":"publish","type":"post","link":"https:\/\/comunitamagnificat.org\/ro\/camping-2019\/","title":{"rendered":"Camping 2019"},"content":{"rendered":"\n<p class=\"has-text-align-center\"><strong>Comunitatea Magnificat Camping 2019<\/strong><\/p>\n\n<p class=\"has-text-align-center\">27 iulie &#8211; 23 august 2019<\/p>\n\n<p class=\"has-text-align-center\">Paestum la Camping Village Paestum****<\/p>\n\n<div class=\"wp-block-columns is-layout-flex wp-container-core-columns-is-layout-9d6595d7 wp-block-columns-is-layout-flex\">\n<div class=\"wp-block-column is-layout-flow wp-block-column-is-layout-flow\" style=\"flex-basis:15%\"><\/div>\n\n\n\n<div class=\"wp-block-column is-layout-flow wp-block-column-is-layout-flow\">\n<figure class=\"wp-block-embed is-type-video is-provider-youtube wp-block-embed-youtube wp-embed-aspect-16-9 wp-has-aspect-ratio\"><div class=\"wp-block-embed__wrapper\"> \n<iframe loading=\"lazy\" title=\"La Comunit\u00e0 Magnificat ti invita a....\" width=\"500\" height=\"281\" src=\"https:\/\/www.youtube.com\/embed\/oZZ8Tf6Kfeg?feature=oembed\" frameborder=\"0\" allow=\"accelerometer; autoplay; clipboard-write; encrypted-media; gyroscope; picture-in-picture; web-share\" referrerpolicy=\"strict-origin-when-cross-origin\" allowfullscreen><\/iframe>\n <\/div><\/figure>\n<\/div>\n\n\n\n<div class=\"wp-block-column is-layout-flow wp-block-column-is-layout-flow\" style=\"flex-basis:15%\"><\/div>\n<\/div>\n\n<p>  Dragi fra\u021bi,<\/p>\n\n<p>Prezentarea taberei comunit\u0103\u021bii noastre nu este u\u0219oar\u0103, deoarece aceasta este \u00een esen\u021b\u0103 o <strong>EXPERIEN\u021a\u0102<\/strong>: o po\u021bi descrie, \u00eei po\u021bi spune povestea, con\u021binutul sau po\u021bi colecta c\u00e2teva m\u0103rturii de la cei care au tr\u0103it-o, dar&#8230; <strong>experien\u021ba r\u0103m\u00e2ne un eveniment care trebuie tr\u0103it<\/strong>, iar povestea este inevitabil par\u021bial\u0103 \u0219i \u00eentotdeauna lipse\u0219te ceva.<br\/><br\/>E<em>ste o experien\u021b\u0103 unic\u0103 de <strong>via\u021b\u0103 fratern\u0103<\/strong><\/em> Cei care tr\u0103iesc o tab\u0103r\u0103 comunitar\u0103 se bucur\u0103 de acel timp care lipse\u0219te din via\u021ba de zi cu zi: \u00eemp\u0103rt\u0103\u0219ind via\u021ba 24 de ore pe zi cu fra\u021bi \u0219i surori timp de mai multe zile; oprindu-se pentru a vorbi cu ideea c\u0103 este vorba de cinci minute \u0219i reg\u0103sindu-se ore mai t\u00e2rziu, cu pl\u0103cere interioar\u0103, bucur\u00e2ndu-se de acea \u00eemp\u0103rt\u0103\u0219ire simpl\u0103, profund\u0103, uneori simpatic\u0103 sau dureroas\u0103&#8230; care te aduce \u00een contact cu via\u021ba fra\u021bilor \u0219i surorilor pe care, din cauza timpului sau a distan\u021bei, poate c\u0103 nu i-ai fi cunoscut niciodat\u0103 at\u00e2t de \u00eendeaproape, nici m\u0103car \u00een timpul altor momente comunitare.<br\/><em>Este o experien\u021b\u0103 de <strong>rug\u0103ciune<\/strong> \u0219i de <strong>via\u021b\u0103 euharistic\u0103<\/strong><\/em><br\/>\u00cen tab\u0103r\u0103, exist\u0103 un har care se repet\u0103 \u00een fiecare an: \u00een centrul fizic al taberei, punctul de referin\u021b\u0103 pentru tot \u0219i pentru to\u021bi este cortul Preasf\u00e2ntului Sacrament, expus 24 de ore din 24, 7 zile din 7; Euharistia ca punct fix al zilei, bine celebrat\u0103 \u0219i \u00eemp\u0103rt\u0103\u0219it\u0103 cu at\u00e2t de mul\u021bi fra\u021bi; \u00een fiecare zi tr\u0103im fie rug\u0103ciunea carismatica a comunit\u0103\u021bii, fie Laude.<br\/><br\/>E<em>ste o <strong>vacan\u021b\u0103<\/strong>, dar <strong>nu este doar o vacan\u021b\u0103<\/strong><\/em> \u00cen vie\u021bile noastre complicate, avem nevoie de odihn\u0103: \u00een tab\u0103r\u0103 exist\u0103 timp \u0219i pentru asta!\nDe c\u00e2te ori am tr\u0103it alte vacan\u021be din care ne-am \u00eentors mai obosi\u021bi dec\u00e2t \u00eenainte!\n<br\/>Mul\u021bi dintre noi pot depune m\u0103rturie c\u0103 se \u00eentorc din tab\u0103ra comunitar\u0103 plini de noi for\u021be, vigoare \u0219i bucurie, chiar dac\u0103 \u0219i-au slujit fra\u021bii \u0219i surorile sau s-au luptat cu precaritatea \u0219i cu un oarecare disconfort care sunt adesea prezente \u00een via\u021ba de tab\u0103r\u0103. Este o experien\u021b\u0103 care a \u00eenceput aproape &#8222;din \u00eent\u00e2mplare&#8221; \u00een urm\u0103 cu aproximativ patruzeci de ani \u0219i continu\u0103 p\u00e2n\u0103 \u00een prezent.\n\u00cen tab\u0103r\u0103 mul\u021bi s-au \u00eent\u00e2lnit cu Dumnezeu, \u0219i-au schimbat via\u021ba, \u0219i-au g\u0103sit propriul drum voca\u021bional, au cunoscut comunitatea!   <br\/>Anul acesta, de ce nu \u00eencerci s\u0103 vii \u0219i tu?\nV\u0103 invit\u0103m la Paestum \u00een perioada 27 iulie &#8211; 23 august 2019: <\/p>\n\n<p><strong>vom fi acolo.<\/strong><\/p>\n\n<p class=\"has-text-align-right\"><em>Directori generali<\/em><\/p>\n\n<div style=\"height:50px\" aria-hidden=\"true\" class=\"wp-block-spacer\"><\/div>\n\n<p><\/p>\n","protected":false},"excerpt":{"rendered":"<p>Comunitatea Magnificat Camping 2019 27 iulie &#8211; 23 august 2019 Paestum la Camping Village Paestum**** Dragi fra\u021bi, Prezentarea taberei comunit\u0103\u021bii noastre nu este u\u0219oar\u0103, deoarece aceasta este \u00een esen\u021b\u0103 o EXPERIEN\u021a\u0102: o po\u021bi descrie, \u00eei po\u021bi spune povestea, con\u021binutul sau po\u021bi colecta c\u00e2teva m\u0103rturii de la cei care au tr\u0103it-o, dar&#8230; experien\u021ba r\u0103m\u00e2ne un eveniment [&hellip;]<\/p>\n","protected":false},"author":4,"featured_media":11462,"comment_status":"open","ping_status":"closed","sticky":false,"template":"","format":"standard","meta":{"om_disable_all_campaigns":false,"_monsterinsights_skip_tracking":false,"_monsterinsights_sitenote_active":false,"_monsterinsights_sitenote_note":"","_monsterinsights_sitenote_category":0,"_uf_show_specific_survey":0,"_uf_disable_surveys":false,"footnotes":""},"categories":[133],"tags":[164,314,165,316,315],"class_list":["post-18830","post","type-post","status-publish","format-standard","has-post-thumbnail","hentry","category-noutati","tag-camping","tag-camping-2019-ro","tag-camping-comunitate-magnificat","tag-camping-paestum","tag-tabara-comunitatii-magnificat-2019"],"aioseo_notices":[],"_links":{"self":[{"href":"https:\/\/comunitamagnificat.org\/ro\/wp-json\/wp\/v2\/posts\/18830","targetHints":{"allow":["GET"]}}],"collection":[{"href":"https:\/\/comunitamagnificat.org\/ro\/wp-json\/wp\/v2\/posts"}],"about":[{"href":"https:\/\/comunitamagnificat.org\/ro\/wp-json\/wp\/v2\/types\/post"}],"author":[{"embeddable":true,"href":"https:\/\/comunitamagnificat.org\/ro\/wp-json\/wp\/v2\/users\/4"}],"replies":[{"embeddable":true,"href":"https:\/\/comunitamagnificat.org\/ro\/wp-json\/wp\/v2\/comments?post=18830"}],"version-history":[{"count":1,"href":"https:\/\/comunitamagnificat.org\/ro\/wp-json\/wp\/v2\/posts\/18830\/revisions"}],"predecessor-version":[{"id":18832,"href":"https:\/\/comunitamagnificat.org\/ro\/wp-json\/wp\/v2\/posts\/18830\/revisions\/18832"}],"wp:featuredmedia":[{"embeddable":true,"href":"https:\/\/comunitamagnificat.org\/ro\/wp-json\/wp\/v2\/media\/11462"}],"wp:attachment":[{"href":"https:\/\/comunitamagnificat.org\/ro\/wp-json\/wp\/v2\/media?parent=18830"}],"wp:term":[{"taxonomy":"category","embeddable":true,"href":"https:\/\/comunitamagnificat.org\/ro\/wp-json\/wp\/v2\/categories?post=18830"},{"taxonomy":"post_tag","embeddable":true,"href":"https:\/\/comunitamagnificat.org\/ro\/wp-json\/wp\/v2\/tags?post=18830"}],"curies":[{"name":"wp","href":"https:\/\/api.w.org\/{rel}","templated":true}]}}