{"id":19612,"date":"2024-08-23T07:51:41","date_gmt":"2024-08-23T05:51:41","guid":{"rendered":"https:\/\/comunitamagnificat.org\/2024\/08\/23\/din-nou-impreuna\/"},"modified":"2024-08-23T07:51:58","modified_gmt":"2024-08-23T05:51:58","slug":"din-nou-impreuna","status":"publish","type":"post","link":"https:\/\/comunitamagnificat.org\/ro\/din-nou-impreuna\/","title":{"rendered":"Din nou \u00eempreun\u0103!"},"content":{"rendered":"\n<div class=\"wp-block-columns is-layout-flex wp-container-core-columns-is-layout-9d6595d7 wp-block-columns-is-layout-flex\">\n<div class=\"wp-block-column is-layout-flow wp-block-column-is-layout-flow\">\n<div style=\"height:30px\" aria-hidden=\"true\" class=\"wp-block-spacer\"><\/div>\n\n\n\n<p class=\"has-text-align-center\"><br\/><br\/><br\/>M <em>anagerii generali<\/em> ai Comunit\u0103\u021bii Magnificat au preg\u0103tit programul celei de-a<strong>XX-a Conven\u021bii Generale<\/strong>, programat\u0103<strong>\u00eentre 23 \u0219i 25 aprilie 2022<\/strong>, la<strong> <em>Palamontepaschi<\/em><\/strong><br\/>\u00een <strong>Chianciano Terme<\/strong> (SI), la care sunt invita\u021bi s\u0103 participe to\u021bi<em>alia\u021bii<\/em>, <em>prietenii<\/em>, <em>novicii <\/em>\u0219i <em>discipolii <\/em>.<\/p>\n\n\n\n<p>Iat\u0103 pliantul cu invita\u021bia \u0219i toate detaliile conferin\u021bei de trei zile<\/p>\n\n\n\n<div style=\"height:30px\" aria-hidden=\"true\" class=\"wp-block-spacer\"><\/div>\n\n\n\n<div class=\"wp-block-image\"><figure class=\"aligncenter size-large\"><picture data-lightbox=\"https:\/\/comunitamagnificat.org\/wp-content\/uploads\/2022\/04\/Volantino-Chianciano-2022-ITA-scaled.jpg\"><source type='image\/jpeg' srcset='https:\/\/comunitamagnificat.org\/wp-content\/uploads\/2022\/04\/Volantino-Chianciano-2022-ITA-scaled.jpg 1810w, https:\/\/comunitamagnificat.org\/wp-content\/uploads\/2022\/04\/Volantino-Chianciano-2022-ITA-212x300.jpg 212w, https:\/\/comunitamagnificat.org\/wp-content\/uploads\/2022\/04\/Volantino-Chianciano-2022-ITA-724x1024.jpg 724w, https:\/\/comunitamagnificat.org\/wp-content\/uploads\/2022\/04\/Volantino-Chianciano-2022-ITA-768x1086.jpg 768w, https:\/\/comunitamagnificat.org\/wp-content\/uploads\/2022\/04\/Volantino-Chianciano-2022-ITA-1086x1536.jpg 1086w, https:\/\/comunitamagnificat.org\/wp-content\/uploads\/2022\/04\/Volantino-Chianciano-2022-ITA-1448x2048.jpg 1448w' sizes='(max-width: 1810px) 100vw, 1810px' \/><img loading=\"lazy\" decoding=\"async\" width=\"724\" height=\"1024\" src=\"https:\/\/comunitamagnificat.org\/wp-content\/uploads\/2022\/04\/Volantino-Chianciano-2022-ITA-724x1024.jpg\" alt=\"\" class=\"wp-image-9129\"\/><\/picture><\/figure><\/div>\n\n\n\n<div style=\"height:30px\" aria-hidden=\"true\" class=\"wp-block-spacer\"><\/div>\n\n\n\n<p>Aici (de asemenea, \u00een format text) este programul Conven\u021biei Generale 2022:<\/p>\n\n\n\n<div style=\"height:30px\" aria-hidden=\"true\" class=\"wp-block-spacer\"><\/div>\n\n\n\n<p><br\/>S<strong>\u00e2mb\u0103t\u0103, 23 aprilie<\/strong> 10.00 Recep\u021bie \u0219i cazare<br\/>11,00 \n<strong>Celebrazione Eucaristica<\/strong> &#8211; padre Victor-Emilian Dumitrescu <br\/>12,30 \n<strong>Introduzione al Convegno<\/strong> &#8211; Responsabili generali <br\/>13.00 Masa de pr\u00e2nz<br\/>15,30 \n<strong>Preghiera comunitaria carismatica<\/strong><br\/>16,30 \u00ab\n<strong><em>Dovete nascere dall\u2019alto<\/em><\/strong>\u00bb &#8211; Padre Mariano Michniak <br\/>17.30 Pauz\u0103<br\/>18,00 \n<strong>Testimonianze<\/strong><br\/>20,00 Cena <\/p>\n\n\n\n<div style=\"height:30px\" aria-hidden=\"true\" class=\"wp-block-spacer\"><\/div>\n\n\n\n<p><br\/>D<strong>uminic\u0103 24 aprilie<\/strong> 9 a.m. \n<br\/>R<strong>ug\u0103ciunea comunit\u0103\u021bii carismatice<\/strong> 10.00  <strong><em>&#8222;Orice \u00ee\u021bi spun eu, f\u0103-o<\/em>&#8222;<\/strong>  &#8211; Sarah Bishop<br\/>11.00 Pauz\u0103<br\/>11,30 \n<strong>Celebrazione Eucaristica<\/strong><br\/>13,30 Pranzo <br\/>15,30 \n<strong>Invocazione allo Spirito Santo<\/strong><br\/>15,45   <strong><em>&#8222;A\u0219a este oricine este n\u0103scut din Duh<\/em><\/strong>  &#8211; don Livio Tacchini<br\/>17, 30 \n<strong>Preghiera del FUOCO<\/strong><br\/>18,30 \n<strong>Testimonianze<\/strong><br\/>20,30 Cena  <br\/><\/p>\n\n\n\n<div style=\"height:30px\" aria-hidden=\"true\" class=\"wp-block-spacer\"><\/div>\n\n\n\n<p><strong><br\/><\/strong><br\/><br\/><br\/><br\/><br\/>L<strong>uni, 25 aprilie<\/strong>9.00 <strong> <strong>Invocarea Duhului Sf\u00e2nt<\/strong> 9.30<strong>&#8222;<em>Cel care face adev\u0103rul vine spre lumin\u0103<\/em>&#8222;<\/strong> &#8211; Maria Rita Castellani 10.30 Pauz\u0103 11.00<strong>M\u0103rturii<\/strong> 12.00<strong>Celebrare euharistic\u0103<\/strong> 13.30 Pr\u00e2nz \u0219i plecare<\/strong><\/p>\n\n\n\n<div style=\"height:30px\" aria-hidden=\"true\" class=\"wp-block-spacer\"><\/div>\n<\/div>\n<\/div>\n\n<p><\/p>\n","protected":false},"excerpt":{"rendered":"<p>M anagerii generali ai Comunit\u0103\u021bii Magnificat au preg\u0103tit programul celei de-aXX-a Conven\u021bii Generale, programat\u0103\u00eentre 23 \u0219i 25 aprilie 2022, la Palamontepaschi\u00een Chianciano Terme (SI), la care sunt invita\u021bi s\u0103 participe to\u021bialia\u021bii, prietenii, novicii \u0219i discipolii . Iat\u0103 pliantul cu invita\u021bia \u0219i toate detaliile conferin\u021bei de trei zile Aici (de asemenea, \u00een format text) este programul [&hellip;]<\/p>\n","protected":false},"author":3,"featured_media":16602,"comment_status":"open","ping_status":"open","sticky":false,"template":"","format":"standard","meta":{"om_disable_all_campaigns":false,"_monsterinsights_skip_tracking":false,"_monsterinsights_sitenote_active":false,"_monsterinsights_sitenote_note":"","_monsterinsights_sitenote_category":0,"_uf_show_specific_survey":0,"_uf_disable_surveys":false,"footnotes":""},"categories":[1],"tags":[],"class_list":["post-19612","post","type-post","status-publish","format-standard","has-post-thumbnail","hentry","category-non-categorizzato"],"aioseo_notices":[],"_links":{"self":[{"href":"https:\/\/comunitamagnificat.org\/ro\/wp-json\/wp\/v2\/posts\/19612","targetHints":{"allow":["GET"]}}],"collection":[{"href":"https:\/\/comunitamagnificat.org\/ro\/wp-json\/wp\/v2\/posts"}],"about":[{"href":"https:\/\/comunitamagnificat.org\/ro\/wp-json\/wp\/v2\/types\/post"}],"author":[{"embeddable":true,"href":"https:\/\/comunitamagnificat.org\/ro\/wp-json\/wp\/v2\/users\/3"}],"replies":[{"embeddable":true,"href":"https:\/\/comunitamagnificat.org\/ro\/wp-json\/wp\/v2\/comments?post=19612"}],"version-history":[{"count":1,"href":"https:\/\/comunitamagnificat.org\/ro\/wp-json\/wp\/v2\/posts\/19612\/revisions"}],"predecessor-version":[{"id":19614,"href":"https:\/\/comunitamagnificat.org\/ro\/wp-json\/wp\/v2\/posts\/19612\/revisions\/19614"}],"wp:featuredmedia":[{"embeddable":true,"href":"https:\/\/comunitamagnificat.org\/ro\/wp-json\/wp\/v2\/media\/16602"}],"wp:attachment":[{"href":"https:\/\/comunitamagnificat.org\/ro\/wp-json\/wp\/v2\/media?parent=19612"}],"wp:term":[{"taxonomy":"category","embeddable":true,"href":"https:\/\/comunitamagnificat.org\/ro\/wp-json\/wp\/v2\/categories?post=19612"},{"taxonomy":"post_tag","embeddable":true,"href":"https:\/\/comunitamagnificat.org\/ro\/wp-json\/wp\/v2\/tags?post=19612"}],"curies":[{"name":"wp","href":"https:\/\/api.w.org\/{rel}","templated":true}]}}