{"id":27834,"date":"2026-04-30T21:59:33","date_gmt":"2026-04-30T19:59:33","guid":{"rendered":"https:\/\/comunitamagnificat.org\/inimile-sunt-reparate\/"},"modified":"2026-04-30T21:59:36","modified_gmt":"2026-04-30T19:59:36","slug":"inimile-sunt-reparate","status":"publish","type":"post","link":"https:\/\/comunitamagnificat.org\/ro\/inimile-sunt-reparate\/","title":{"rendered":"Inimile sunt reparate"},"content":{"rendered":"\n<div class=\"wp-block-columns is-layout-flex wp-container-core-columns-is-layout-9d6595d7 wp-block-columns-is-layout-flex\">\n<div class=\"wp-block-column is-layout-flow wp-block-column-is-layout-flow\">\n<div style=\"height:30px\" aria-hidden=\"true\" class=\"wp-block-spacer\"><\/div>\n\n\n\n<p>\u00cen edi\u021bia din aprilie a Buletinului <strong><em>Cu Isus, pe Isus, construi\u021bi!<\/em> <\/strong>exist\u0103 urm\u0103toarele articole:<\/p>\n\n\n\n<ul class=\"wp-block-list\">\n<li>O <strong>imagine profetic\u0103<\/strong> primit\u0103 de la managerii generali, care <strong>ne consoleaz\u0103<\/strong><\/li>\n\n\n\n<li>O scurt\u0103 <strong>cronic\u0103 a<\/strong> <strong>misiunii<\/strong> recente <strong>\u00een Angola<\/strong><\/li>\n\n\n\n<li>\u0218tiri \u0219i comentarii despre <strong>Seminarul Tinerilor din Assisi<\/strong><\/li>\n\n\n\n<li>\u0218tiri de la \u00eent\u00e2lnirea <strong><em>Re\u00eennoirii Carismatice Catolice<\/em><\/strong> cu <strong>Papa<\/strong><\/li>\n\n\n\n<li>Povestea unei <strong>retrageri<\/strong> privind <strong>autenticitatea \u00een rela\u021biile fr\u0103\u021be\u0219ti<\/strong><\/li>\n\n\n\n<li><strong>Ziua<\/strong> comunit\u0103\u021bii la Roma cu Magnificat Dominum<\/li>\n\n\n\n<li>\u0218tiri despre <strong>camping de var\u0103<\/strong> \u00een Peschici<\/li>\n<\/ul>\n\n\n\n<div style=\"height:30px\" aria-hidden=\"true\" class=\"wp-block-spacer\"><\/div>\n\n\n\n<div data-wp-interactive=\"core\/file\" class=\"wp-block-file\"><object data-wp-bind--hidden=\"!state.hasPdfPreview\" hidden class=\"wp-block-file__embed\" data=\"https:\/\/comunitamagnificat.org\/wp-content\/uploads\/2026\/04\/Con-Gesu-su-Gesu-costruisci-n.-84-aprile-2026.pdf\" type=\"application\/pdf\" style=\"width:100%;height:600px\" aria-label=\"\u00cenglobare pentru Con Ges\u00f9 su Ges\u00f9, costruisci - n. 84 - aprile 2026.\"><\/object><a id=\"wp-block-file--media-d5565143-64a8-4882-93a2-6e50fd08f3e8\" href=\"https:\/\/comunitamagnificat.org\/wp-content\/uploads\/2026\/04\/Con-Gesu-su-Gesu-costruisci-n.-84-aprile-2026.pdf\">Cu Isus pe Isus, construi &#8211; nr. 84 &#8211; aprilie 2026 <\/a><a href=\"https:\/\/comunitamagnificat.org\/wp-content\/uploads\/2026\/04\/Con-Gesu-su-Gesu-costruisci-n.-84-aprile-2026.pdf\" class=\"wp-block-file__button wp-element-button\" download=\"\" aria-describedby=\"wp-block-file--media-d5565143-64a8-4882-93a2-6e50fd08f3e8\">Desc\u0103rcare<\/a><\/div>\n\n\n\n<div style=\"height:30px\" aria-hidden=\"true\" class=\"wp-block-spacer\"><\/div>\n<\/div>\n<\/div>\n\n<p><\/p>\n","protected":false},"excerpt":{"rendered":"<p>\u00cen edi\u021bia din aprilie a Buletinului Cu Isus, pe Isus, construi\u021bi! exist\u0103 urm\u0103toarele articole:<\/p>\n","protected":false},"author":3,"featured_media":27826,"comment_status":"open","ping_status":"open","sticky":false,"template":"","format":"standard","meta":{"om_disable_all_campaigns":false,"_monsterinsights_skip_tracking":false,"_monsterinsights_sitenote_active":false,"_monsterinsights_sitenote_note":"","_monsterinsights_sitenote_category":0,"_uf_show_specific_survey":0,"_uf_disable_surveys":false,"footnotes":""},"categories":[1],"tags":[],"class_list":["post-27834","post","type-post","status-publish","format-standard","has-post-thumbnail","hentry","category-non-categorizzato"],"aioseo_notices":[],"_links":{"self":[{"href":"https:\/\/comunitamagnificat.org\/ro\/wp-json\/wp\/v2\/posts\/27834","targetHints":{"allow":["GET"]}}],"collection":[{"href":"https:\/\/comunitamagnificat.org\/ro\/wp-json\/wp\/v2\/posts"}],"about":[{"href":"https:\/\/comunitamagnificat.org\/ro\/wp-json\/wp\/v2\/types\/post"}],"author":[{"embeddable":true,"href":"https:\/\/comunitamagnificat.org\/ro\/wp-json\/wp\/v2\/users\/3"}],"replies":[{"embeddable":true,"href":"https:\/\/comunitamagnificat.org\/ro\/wp-json\/wp\/v2\/comments?post=27834"}],"version-history":[{"count":3,"href":"https:\/\/comunitamagnificat.org\/ro\/wp-json\/wp\/v2\/posts\/27834\/revisions"}],"predecessor-version":[{"id":27837,"href":"https:\/\/comunitamagnificat.org\/ro\/wp-json\/wp\/v2\/posts\/27834\/revisions\/27837"}],"wp:featuredmedia":[{"embeddable":true,"href":"https:\/\/comunitamagnificat.org\/ro\/wp-json\/wp\/v2\/media\/27826"}],"wp:attachment":[{"href":"https:\/\/comunitamagnificat.org\/ro\/wp-json\/wp\/v2\/media?parent=27834"}],"wp:term":[{"taxonomy":"category","embeddable":true,"href":"https:\/\/comunitamagnificat.org\/ro\/wp-json\/wp\/v2\/categories?post=27834"},{"taxonomy":"post_tag","embeddable":true,"href":"https:\/\/comunitamagnificat.org\/ro\/wp-json\/wp\/v2\/tags?post=27834"}],"curies":[{"name":"wp","href":"https:\/\/api.w.org\/{rel}","templated":true}]}}