{"id":18540,"date":"2024-08-22T18:14:30","date_gmt":"2024-08-22T16:14:30","guid":{"rendered":"https:\/\/comunitamagnificat.org\/2024\/08\/22\/genel-mudurler-secildi\/"},"modified":"2024-08-22T18:14:57","modified_gmt":"2024-08-22T16:14:57","slug":"genel-mudurler-secildi","status":"publish","type":"post","link":"https:\/\/comunitamagnificat.org\/tr\/genel-mudurler-secildi\/","title":{"rendered":"Genel M\u00fcd\u00fcrler se\u00e7ildi"},"content":{"rendered":"\n<p>10 \u015eubat 2019 Pazar g\u00fcn\u00fc Roma&#8217;da, Magnificat Toplulu\u011funu olu\u015fturan Karde\u015fliklerin ve B\u00f6lgelerin \u0130htiyar Heyetleri ve Moderat\u00f6rlerinden olu\u015fan Genel Kurul, 2019-2022 aras\u0131ndaki \u00fc\u00e7 y\u0131ll\u0131k d\u00f6nemde g\u00f6rev yapacak yeni Genel Liderleri se\u00e7ti.<\/p>\n\n<p>\u015eu isimler se\u00e7ilmi\u015ftir: <em>Giuseppe Piegai<\/em>, <em>Maria Rita Castellani<\/em>, <em>Stefano Ragnacci<\/em>, <em>Teresa Ciociola <\/em>ve <em>Vicenzo Genovese<\/em>.<\/p>\n\n<p>Elli kadar kat\u0131l\u0131mc\u0131 bir \u00f6nceki g\u00fcnden beri toplanm\u0131\u015ft\u0131.\n\u0130nziva, Magnificat Toplulu\u011fu&#8217;nun genel ruhani dan\u0131\u015fman\u0131 Peder Victor-Emilian Dumitrescu&#8217;nun y\u00f6netti\u011fi Efkaristiya Kutlamas\u0131 ile ba\u015flad\u0131.\nG\u00f6revden ayr\u0131lan genel moderat\u00f6r Daniele Mezzetti, daha sonra di\u011fer liderlerle birlikte \u00fc\u00e7 y\u0131ll\u0131k hizmetini anlatan bir konu\u015fma yapt\u0131.\nToplulu\u011fun uluslararas\u0131la\u015fmas\u0131 ve yeni T\u00fcz\u00fc\u011f\u00fcn onaylanmas\u0131 i\u00e7in Laiklik, Aile ve Ya\u015fam Manast\u0131r\u0131&#8217;ndan ald\u0131\u011f\u0131 destek temas\u0131 ilk b\u00f6l\u00fcm\u00fc karakterize etti.\nDaniel daha sonra ufukta beliren zorluklar konusuna de\u011finerek, kat\u0131l\u0131mc\u0131lar\u0131n kendi katk\u0131lar\u0131n\u0131 yans\u0131tabilecekleri geni\u015f bir payla\u015f\u0131m zaman\u0131 yaratt\u0131.\nArd\u0131ndan Efkaristiya Ayini ile inzivan\u0131n ilk g\u00fcn\u00fc sona erdi.     <\/p>\n\n<p>Pazar sabah\u0131 Peder Victor, \u0130sa&#8217;n\u0131n Efkaristiya&#8217;s\u0131 s\u0131ras\u0131nda ger\u00e7ekle\u015fen yeni liderlerin se\u00e7imi i\u00e7in toplulu\u011fu haz\u0131rlamak \u00fczere Tanr\u0131&#8217;n\u0131n iradesini dinlemek \u00fczerine derin bir ilmihal verdi.<\/p>\n\n<p>\u00d6n\u00fcm\u00fczdeki \u00fc\u00e7 y\u0131l boyunca genel m\u00fcd\u00fcrlere destek olacak yedi genel konsey \u00fcyesi de se\u00e7ildi: Andrea Orsini, Luigi Montesi, Susanna Bettelli, Oreste Pesare, Daniele Mezzetti, Francesco Fressoia ve Massimo Roscini.<\/p>\n\n<p>Sabah, Fr Luca Bartoccini taraf\u0131ndan y\u00f6netilen Efkaristiya kutlamas\u0131yla sona erdi.\nLuka \u0130ncili&#8217;nden al\u0131nan g\u00fcn\u00fcn \u0130ncili \u00f6zellikle ayd\u0131nlat\u0131c\u0131 oldu: &#8220;Konu\u015fmas\u0131n\u0131 bitirince Simun&#8217;a, &#8216;Denize a\u00e7\u0131l ve bal\u0131k tutmak i\u00e7in a\u011flar\u0131n\u0131 at&#8217; dedi. <\/p>\n\n<p>Magnificat Toplulu\u011fu, Simun Petrus gibi Rab&#8217;bin davetine tam olarak yan\u0131t versin:<em>&#8220;O&#8217;nun S\u00f6z\u00fc \u00fczerine a\u011flar\u0131 ataca\u011f\u0131m<\/em>&#8221; ve Rab&#8217;bin Kendisine yapt\u0131\u011f\u0131<em>&#8220;B\u00fct\u00fcn d\u00fcnyaya gidin ve M\u00fcjde&#8217;yi her yarat\u0131\u011fa duyurun<\/em>&#8221; (Markos, 16.15) \u00e7a\u011fr\u0131s\u0131na giderek daha fazla kar\u015f\u0131l\u0131k versin.<\/p>\n\n<div class=\"wp-block-image\"><figure class=\"aligncenter\"><picture data-lightbox=\"\"><img decoding=\"async\" src=\"https:\/\/old.comunitamagnificat.org\/wp-content\/uploads\/2019\/02\/WhatsApp-Image-2019-02-13-at-15.59.371-1024x768.jpeg\" alt=\"WhatsApp G&#xF6;r&#xFC;nt&#xFC;s&#xFC; 2019-02-13 saat 15.59.37(1)\" class=\"wp-image-5459\"\/><\/picture><\/figure><\/div>\n\n<div class=\"wp-block-image\"><figure class=\"aligncenter\"><picture data-lightbox=\"\"><img decoding=\"async\" src=\"https:\/\/old.comunitamagnificat.org\/wp-content\/uploads\/2019\/02\/WhatsApp-Image-2019-02-13-at-15.59.37-1024x768.jpeg\" alt=\"WhatsApp G&#xF6;r&#xFC;nt&#xFC;s&#xFC; 2019-02-13 saat 15.59.37\" class=\"wp-image-5461\"\/><\/picture><\/figure><\/div>\n\n<div class=\"wp-block-image\"><figure class=\"aligncenter\"><picture data-lightbox=\"\"><img decoding=\"async\" src=\"https:\/\/old.comunitamagnificat.org\/wp-content\/uploads\/2019\/02\/WhatsApp-Image-2019-02-13-at-15.59.381-1024x768.jpeg\" alt=\"WhatsApp G&#xF6;r&#xFC;nt&#xFC;s&#xFC; 2019-02-13 saat 15.59.38(1)\" class=\"wp-image-5462\"\/><\/picture><\/figure><\/div>\n\n<div class=\"wp-block-image\"><figure class=\"aligncenter\"><picture data-lightbox=\"\"><img decoding=\"async\" src=\"https:\/\/old.comunitamagnificat.org\/wp-content\/uploads\/2019\/02\/WhatsApp-Image-2019-02-13-at-15.59.382-1024x580.jpeg\" alt=\"WhatsApp G&#xF6;r&#xFC;nt&#xFC;s&#xFC; 2019-02-13 saat 15.59.38(2)\" class=\"wp-image-5463\"\/><\/picture><\/figure><\/div>\n\n<div class=\"wp-block-image\"><figure class=\"aligncenter\"><picture data-lightbox=\"\"><img decoding=\"async\" src=\"https:\/\/old.comunitamagnificat.org\/wp-content\/uploads\/2019\/02\/WhatsApp-Image-2019-02-13-at-15.59.38-1024x768.jpeg\" alt=\"WhatsApp G&#xF6;r&#xFC;nt&#xFC;s&#xFC; 2019-02-13 saat 15.59.38\" class=\"wp-image-5464\"\/><\/picture><\/figure><\/div>\n\n<div style=\"height:50px\" aria-hidden=\"true\" class=\"wp-block-spacer\"><\/div>\n","protected":false},"excerpt":{"rendered":"<p>10 \u015eubat 2019 Pazar g\u00fcn\u00fc Roma&#8217;da, Magnificat Toplulu\u011funu olu\u015fturan Karde\u015fliklerin ve B\u00f6lgelerin \u0130htiyar Heyetleri ve Moderat\u00f6rlerinden olu\u015fan Genel Kurul, 2019-2022 aras\u0131ndaki \u00fc\u00e7 y\u0131ll\u0131k d\u00f6nemde g\u00f6rev yapacak yeni Genel Liderleri se\u00e7ti. \u015eu isimler se\u00e7ilmi\u015ftir: Giuseppe Piegai, Maria Rita Castellani, Stefano Ragnacci, Teresa Ciociola ve Vicenzo Genovese. Elli kadar kat\u0131l\u0131mc\u0131 bir \u00f6nceki g\u00fcnden beri toplanm\u0131\u015ft\u0131. \u0130nziva, Magnificat [&hellip;]<\/p>\n","protected":false},"author":4,"featured_media":11468,"comment_status":"open","ping_status":"closed","sticky":false,"template":"","format":"standard","meta":{"om_disable_all_campaigns":false,"_monsterinsights_skip_tracking":false,"_monsterinsights_sitenote_active":false,"_monsterinsights_sitenote_note":"","_monsterinsights_sitenote_category":0,"_uf_show_specific_survey":0,"_uf_disable_surveys":false,"footnotes":""},"categories":[129,152],"tags":[132,172,173,171,174,175,176],"class_list":["post-18540","post","type-post","status-publish","format-standard","has-post-thumbnail","hentry","category-haberler","category-makaleler","tag-genel-mudurler","tag-giuseppe-piegai-tr","tag-maria-rita-castellani-tr","tag-secimler","tag-stefano-ragnacci-tr","tag-teresa-ciociola-tr","tag-vincenzo-genovese-tr"],"aioseo_notices":[],"_links":{"self":[{"href":"https:\/\/comunitamagnificat.org\/tr\/wp-json\/wp\/v2\/posts\/18540","targetHints":{"allow":["GET"]}}],"collection":[{"href":"https:\/\/comunitamagnificat.org\/tr\/wp-json\/wp\/v2\/posts"}],"about":[{"href":"https:\/\/comunitamagnificat.org\/tr\/wp-json\/wp\/v2\/types\/post"}],"author":[{"embeddable":true,"href":"https:\/\/comunitamagnificat.org\/tr\/wp-json\/wp\/v2\/users\/4"}],"replies":[{"embeddable":true,"href":"https:\/\/comunitamagnificat.org\/tr\/wp-json\/wp\/v2\/comments?post=18540"}],"version-history":[{"count":1,"href":"https:\/\/comunitamagnificat.org\/tr\/wp-json\/wp\/v2\/posts\/18540\/revisions"}],"predecessor-version":[{"id":18541,"href":"https:\/\/comunitamagnificat.org\/tr\/wp-json\/wp\/v2\/posts\/18540\/revisions\/18541"}],"wp:featuredmedia":[{"embeddable":true,"href":"https:\/\/comunitamagnificat.org\/tr\/wp-json\/wp\/v2\/media\/11468"}],"wp:attachment":[{"href":"https:\/\/comunitamagnificat.org\/tr\/wp-json\/wp\/v2\/media?parent=18540"}],"wp:term":[{"taxonomy":"category","embeddable":true,"href":"https:\/\/comunitamagnificat.org\/tr\/wp-json\/wp\/v2\/categories?post=18540"},{"taxonomy":"post_tag","embeddable":true,"href":"https:\/\/comunitamagnificat.org\/tr\/wp-json\/wp\/v2\/tags?post=18540"}],"curies":[{"name":"wp","href":"https:\/\/api.w.org\/{rel}","templated":true}]}}