{"id":18703,"date":"2024-08-22T18:20:36","date_gmt":"2024-08-22T16:20:36","guid":{"rendered":"https:\/\/comunitamagnificat.org\/2024\/08\/22\/genel-mudurler-secildi-2\/"},"modified":"2024-08-22T18:20:48","modified_gmt":"2024-08-22T16:20:48","slug":"genel-mudurler-secildi-2","status":"publish","type":"post","link":"https:\/\/comunitamagnificat.org\/tr\/genel-mudurler-secildi-2\/","title":{"rendered":"Genel M\u00fcd\u00fcrler se\u00e7ildi"},"content":{"rendered":"\n<div style=\"height:30px\" aria-hidden=\"true\" class=\"wp-block-spacer\"><\/div>\n\n<p>Kutsal Merhamet Y\u0131l\u0131nda, B\u00fcy\u00fck Perhiz&#8217;in be\u015finci Pazar g\u00fcn\u00fc, Magnificat Cemaati 2016 &#8211; 2019 y\u0131llar\u0131 aras\u0131ndaki \u00fc\u00e7 y\u0131ll\u0131k d\u00f6nemde g\u00f6rev yapacak <strong>yeni Genel M\u00fcd\u00fcrlerini<\/strong> se\u00e7ti:<\/p>\n\n<p><strong><em>Andrea Orsini<\/em><\/strong>,<strong> <em>Daniele Mezzetti<\/em><\/strong>,<strong> <em>Giuseppe Piegai<\/em><\/strong>,<strong> <\/strong><em><strong>Michele Rossetti<\/strong> <\/em>e<strong> <em>Teresa Ciociola<\/em><\/strong><br\/><br\/>. 12 Mart Cumartesi g\u00fcn\u00fc ba\u015flayan ve b\u00fcy\u00fck bir huzur ve birlik ortam\u0131nda ger\u00e7ekle\u015fen, dua etmek ve Rab&#8217;bin sesini dinlemek i\u00e7in geni\u015f bir alan\u0131n ayr\u0131ld\u0131\u011f\u0131 inzivaya, Cemaatin ileri gelenleri ve ileri gelenin bulunmad\u0131\u011f\u0131 t\u00fcm Cemaatlerin temsilcileri kat\u0131ld\u0131.<\/p>\n\n<div style=\"height:30px\" aria-hidden=\"true\" class=\"wp-block-spacer\"><\/div>\n\n<p>G\u00f6revden ayr\u0131lan moderat\u00f6r <strong>Daniele Mezzetti<\/strong>, tamamlanan g\u00f6rev s\u00fcresini anlatt\u0131 ve ard\u0131ndan \u00f6n\u00fcm\u00fczdeki \u00fc\u00e7 y\u0131l i\u00e7in Topluluk b\u00f6lgelerinin ya\u015fam\u0131na ili\u015fkin baz\u0131 y\u00f6nergeler B\u00f6l\u00fcm taraf\u0131ndan m\u00fczakere edildi.<\/p>\n\n<div style=\"height:30px\" aria-hidden=\"true\" class=\"wp-block-spacer\"><\/div>\n\n<p>Capito ayr\u0131ca<strong> Genel Konsey&#8217;e se\u00e7ilen \u00fcyeleri<\/strong> de oylad\u0131; \u015fu k\u0131demliler<strong> se\u00e7ildi<\/strong>: <strong>Francesco Fressoia<\/strong>, <strong>Luigi Montesi<\/strong>, <strong>Massimo Roscini<\/strong>, <strong>Oreste Pesare<\/strong>, <strong>Paolo Bartoccini<\/strong>, <strong>Stefano Ragnacci<\/strong> ve <strong>Vincenzo Genovese<\/strong>.<\/p>\n\n<div style=\"height:30px\" aria-hidden=\"true\" class=\"wp-block-spacer\"><\/div>\n\n<p>\u0130nziva, Kutsal Ruh&#8217;un yeni Genel Liderleri \u00e7a\u011f\u0131rmas\u0131yla sona erdi.<\/p>\n\n<div style=\"height:30px\" aria-hidden=\"true\" class=\"wp-block-spacer\"><\/div>\n\n<p>Baz\u0131 anlarda t\u00fcm kat\u0131l\u0131mc\u0131lar Tarcisio Mezzetti&#8217;nin i\u00e7inden ge\u00e7mekte oldu\u011fu hassas d\u00f6nem i\u00e7in Tanr\u0131&#8217;ya g\u00fc\u00e7l\u00fc bir yakar\u0131\u015fta bulundular.<\/p>\n\n<div style=\"height:50px\" aria-hidden=\"true\" class=\"wp-block-spacer\"><\/div>\n","protected":false},"excerpt":{"rendered":"<p>Kutsal Merhamet Y\u0131l\u0131nda, B\u00fcy\u00fck Perhiz&#8217;in be\u015finci Pazar g\u00fcn\u00fc, Magnificat Cemaati 2016 &#8211; 2019 y\u0131llar\u0131 aras\u0131ndaki \u00fc\u00e7 y\u0131ll\u0131k d\u00f6nemde g\u00f6rev yapacak yeni Genel M\u00fcd\u00fcrlerini se\u00e7ti: Andrea Orsini, Daniele Mezzetti, Giuseppe Piegai, Michele Rossetti e Teresa Ciociola . 12 Mart Cumartesi g\u00fcn\u00fc ba\u015flayan ve b\u00fcy\u00fck bir huzur ve birlik ortam\u0131nda ger\u00e7ekle\u015fen, dua etmek ve Rab&#8217;bin sesini dinlemek [&hellip;]<\/p>\n","protected":false},"author":4,"featured_media":11616,"comment_status":"open","ping_status":"closed","sticky":false,"template":"","format":"standard","meta":{"om_disable_all_campaigns":false,"_monsterinsights_skip_tracking":false,"_monsterinsights_sitenote_active":false,"_monsterinsights_sitenote_note":"","_monsterinsights_sitenote_category":0,"_uf_show_specific_survey":0,"_uf_disable_surveys":false,"footnotes":""},"categories":[129],"tags":[132],"class_list":["post-18703","post","type-post","status-publish","format-standard","has-post-thumbnail","hentry","category-haberler","tag-genel-mudurler"],"aioseo_notices":[],"_links":{"self":[{"href":"https:\/\/comunitamagnificat.org\/tr\/wp-json\/wp\/v2\/posts\/18703","targetHints":{"allow":["GET"]}}],"collection":[{"href":"https:\/\/comunitamagnificat.org\/tr\/wp-json\/wp\/v2\/posts"}],"about":[{"href":"https:\/\/comunitamagnificat.org\/tr\/wp-json\/wp\/v2\/types\/post"}],"author":[{"embeddable":true,"href":"https:\/\/comunitamagnificat.org\/tr\/wp-json\/wp\/v2\/users\/4"}],"replies":[{"embeddable":true,"href":"https:\/\/comunitamagnificat.org\/tr\/wp-json\/wp\/v2\/comments?post=18703"}],"version-history":[{"count":1,"href":"https:\/\/comunitamagnificat.org\/tr\/wp-json\/wp\/v2\/posts\/18703\/revisions"}],"predecessor-version":[{"id":18705,"href":"https:\/\/comunitamagnificat.org\/tr\/wp-json\/wp\/v2\/posts\/18703\/revisions\/18705"}],"wp:featuredmedia":[{"embeddable":true,"href":"https:\/\/comunitamagnificat.org\/tr\/wp-json\/wp\/v2\/media\/11616"}],"wp:attachment":[{"href":"https:\/\/comunitamagnificat.org\/tr\/wp-json\/wp\/v2\/media?parent=18703"}],"wp:term":[{"taxonomy":"category","embeddable":true,"href":"https:\/\/comunitamagnificat.org\/tr\/wp-json\/wp\/v2\/categories?post=18703"},{"taxonomy":"post_tag","embeddable":true,"href":"https:\/\/comunitamagnificat.org\/tr\/wp-json\/wp\/v2\/tags?post=18703"}],"curies":[{"name":"wp","href":"https:\/\/api.w.org\/{rel}","templated":true}]}}