{"id":18742,"date":"2024-08-22T18:22:10","date_gmt":"2024-08-22T16:22:10","guid":{"rendered":"https:\/\/comunitamagnificat.org\/2024\/08\/22\/rahipler-icin-iii-dunya-inzivasi\/"},"modified":"2024-08-22T18:22:24","modified_gmt":"2024-08-22T16:22:24","slug":"rahipler-icin-iii-dunya-inzivasi","status":"publish","type":"post","link":"https:\/\/comunitamagnificat.org\/tr\/rahipler-icin-iii-dunya-inzivasi\/","title":{"rendered":"Rahipler i\u00e7in III D\u00fcnya \u0130nzivas\u0131"},"content":{"rendered":"\n<div style=\"height:30px\" aria-hidden=\"true\" class=\"wp-block-spacer\"><\/div>\n\n<p>MariaTv.it Yay\u0131n Platformu ile yap\u0131lan nazik i\u015fbirli\u011fi sayesinde, <strong>Papa Francis <\/strong>&#8216;in <strong> <em>Katolik Karizmatik Yenilenme<\/em> Rahipleri <\/strong><strong style=\"color: #2e1200;\">i\u00e7in<\/strong> <strong>3. D\u00fcnya \u0130nzivas\u0131&#8217; <\/strong>na kat\u0131l\u0131m\u0131n\u0131n canl\u0131 yay\u0131n\u0131n\u0131 buradan takip edebilirsiniz, <strong>saat 16.30 <\/strong>&#8216;d <strong>a <\/strong><strong style=\"color: #2e1200;\">&#8220;Sevgiyle ve sevgi i\u00e7in d\u00f6n\u00fc\u015fmek&#8221; temal\u0131 meditasyonla<\/strong> <strong>ba\u015fl\u0131yor. <\/strong><\/p>\n\n<div style=\"height:30px\" aria-hidden=\"true\" class=\"wp-block-spacer\"><\/div>\n\n<p><span style=\"color: #2e1200;\">Bunu takiben Papa, rahiplerle bir s\u00fcre sohbet edecek ve Kutsal Ayini kutlayacak.<\/span><br\/><script id=\"28193_c_66146\" width=\"512\" height=\"288\" src=\"\/\/player.dacast.com\/js\/dacast_player.js\" class=\"dacast-video\"><br>Ecco anche alcune immagini che ci provengono dalla <span style=\"color: #2e1200;\">Basilica di San Giovanni in Laterano, a Roma.<!-- wpml:html_fragment <\/script>  --&gt;<\/p>\n\n<div style=\"height:30px\" aria-hidden=\"true\" class=\"wp-block-spacer\"><\/div>\n\n<p>Francesca ve Daniela'ya bize g\u00f6nderdikleri foto\u011fraflar i\u00e7in te\u015fekk\u00fcr ederiz:  <\/p>\n\n<div style=\"height:30px\" aria-hidden=\"true\" class=\"wp-block-spacer\"><\/div>\n\n<figure class=\"wp-block-gallery columns-3 is-cropped wp-block-gallery-1 is-layout-flex wp-block-gallery-is-layout-flex\"><ul class=\"blocks-gallery-grid\"><li class=\"blocks-gallery-item\"><figure><img loading=\"lazy\" decoding=\"async\" width=\"576\" height=\"1024\" src=\"https:\/\/comunitamagnificat.org\/wp-content\/uploads\/2015\/06\/Preti-2-576x1024.jpg\" alt=\"\" data-id=\"6266\" data-full-url=\"https:\/\/comunitamagnificat.org\/wp-content\/uploads\/2015\/06\/Preti-2.jpg\" data-link=\"https:\/\/comunitamagnificat.org\/?attachment_id=6266\" class=\"wp-image-6266\"\/><figcaption class=\"blocks-gallery-item__caption\">Laternano'daki S.Giovanni'de Efkaristiya Tap\u0131nmas\u0131 an\u0131<\/figcaption><\/figure><\/li><li class=\"blocks-gallery-item\"><figure><img loading=\"lazy\" decoding=\"async\" width=\"576\" height=\"1024\" src=\"https:\/\/comunitamagnificat.org\/wp-content\/uploads\/2015\/06\/Preti-3-576x1024.jpg\" alt=\"\" data-id=\"6267\" data-full-url=\"https:\/\/comunitamagnificat.org\/wp-content\/uploads\/2015\/06\/Preti-3.jpg\" data-link=\"https:\/\/comunitamagnificat.org\/?attachment_id=6267\" class=\"wp-image-6267\"\/><figcaption class=\"blocks-gallery-item__caption\">Don Livio Tacchini 'Uzla\u015fman\u0131n Bedeli' konulu kate\u015fis s\u0131ras\u0131nda<\/figcaption><\/figure><\/li><li class=\"blocks-gallery-item\"><figure><img decoding=\"async\" src=\"https:\/\/comunitamagnificat.org\/wp-content\/uploads\/2015\/06\/Preti-4-576x1024.jpg\" alt=\"\" data-id=\"6268\" data-full-url=\"https:\/\/comunitamagnificat.org\/wp-content\/uploads\/2015\/06\/Preti-4.jpg\" data-link=\"https:\/\/comunitamagnificat.org\/?attachment_id=6268\" class=\"wp-image-6268\"\/><figcaption class=\"blocks-gallery-item__caption\">\u0130nzivan\u0131n ilk g\u00fcn\u00fcnde ayaklar\u0131n y\u0131kanmas\u0131 i\u00e7in haz\u0131rl\u0131k<\/figcaption><\/figure><\/li><li class=\"blocks-gallery-item\"><figure><img loading=\"lazy\" decoding=\"async\" width=\"1024\" height=\"576\" src=\"https:\/\/comunitamagnificat.org\/wp-content\/uploads\/2015\/06\/Preti-1-1024x576.jpg\" alt=\"\" data-id=\"6265\" data-full-url=\"https:\/\/comunitamagnificat.org\/wp-content\/uploads\/2015\/06\/Preti-1.jpg\" data-link=\"https:\/\/comunitamagnificat.org\/?attachment_id=6265\" class=\"wp-image-6265\"\/><figcaption class=\"blocks-gallery-item__caption\">Soldan: Piacenza karde\u015fli\u011finden Fr Davide, Citt\u00e0 di Castello karde\u015fli\u011finden Fr Livio, San Donato all'Elce karde\u015fli\u011finden Fr Luca, Marti karde\u015fli\u011finden Fr Fabrizio, Roma'dan Fr Jean-Jacques<\/figcaption><\/figure><\/li><\/ul><\/figure>\n\n<div style=\"height:50px\" aria-hidden=\"true\" class=\"wp-block-spacer\"><\/div>\n","protected":false},"excerpt":{"rendered":"<p>MariaTv.it Yay\u0131n Platformu ile yap\u0131lan nazik i\u015fbirli\u011fi sayesinde, Papa Francis &#8216;in Katolik Karizmatik Yenilenme Rahipleri i\u00e7in 3. D\u00fcnya \u0130nzivas\u0131&#8217; na kat\u0131l\u0131m\u0131n\u0131n canl\u0131 yay\u0131n\u0131n\u0131 buradan takip edebilirsiniz, saat 16.30 &#8216;d a &#8220;Sevgiyle ve sevgi i\u00e7in d\u00f6n\u00fc\u015fmek&#8221; temal\u0131 meditasyonla ba\u015fl\u0131yor. Bunu takiben Papa, rahiplerle bir s\u00fcre sohbet edecek ve Kutsal Ayini kutlayacak. &#8211;&gt; Francesca ve Daniela&#8217;ya bize [&hellip;]<\/p>\n","protected":false},"author":4,"featured_media":11660,"comment_status":"open","ping_status":"closed","sticky":false,"template":"","format":"standard","meta":{"om_disable_all_campaigns":false,"_monsterinsights_skip_tracking":false,"_monsterinsights_sitenote_active":false,"_monsterinsights_sitenote_note":"","_monsterinsights_sitenote_category":0,"_uf_show_specific_survey":0,"_uf_disable_surveys":false,"footnotes":""},"categories":[129],"tags":[280],"class_list":["post-18742","post","type-post","status-publish","format-standard","has-post-thumbnail","hentry","category-haberler","tag-dunya-rahipler-inzivasi"],"aioseo_notices":[],"_links":{"self":[{"href":"https:\/\/comunitamagnificat.org\/tr\/wp-json\/wp\/v2\/posts\/18742","targetHints":{"allow":["GET"]}}],"collection":[{"href":"https:\/\/comunitamagnificat.org\/tr\/wp-json\/wp\/v2\/posts"}],"about":[{"href":"https:\/\/comunitamagnificat.org\/tr\/wp-json\/wp\/v2\/types\/post"}],"author":[{"embeddable":true,"href":"https:\/\/comunitamagnificat.org\/tr\/wp-json\/wp\/v2\/users\/4"}],"replies":[{"embeddable":true,"href":"https:\/\/comunitamagnificat.org\/tr\/wp-json\/wp\/v2\/comments?post=18742"}],"version-history":[{"count":1,"href":"https:\/\/comunitamagnificat.org\/tr\/wp-json\/wp\/v2\/posts\/18742\/revisions"}],"predecessor-version":[{"id":18744,"href":"https:\/\/comunitamagnificat.org\/tr\/wp-json\/wp\/v2\/posts\/18742\/revisions\/18744"}],"wp:featuredmedia":[{"embeddable":true,"href":"https:\/\/comunitamagnificat.org\/tr\/wp-json\/wp\/v2\/media\/11660"}],"wp:attachment":[{"href":"https:\/\/comunitamagnificat.org\/tr\/wp-json\/wp\/v2\/media?parent=18742"}],"wp:term":[{"taxonomy":"category","embeddable":true,"href":"https:\/\/comunitamagnificat.org\/tr\/wp-json\/wp\/v2\/categories?post=18742"},{"taxonomy":"post_tag","embeddable":true,"href":"https:\/\/comunitamagnificat.org\/tr\/wp-json\/wp\/v2\/tags?post=18742"}],"curies":[{"name":"wp","href":"https:\/\/api.w.org\/{rel}","templated":true}]}}