{"id":18797,"date":"2024-08-22T18:24:58","date_gmt":"2024-08-22T16:24:58","guid":{"rendered":"https:\/\/comunitamagnificat.org\/2024\/08\/22\/adim-adim-topluluk-yolu\/"},"modified":"2024-08-22T18:25:03","modified_gmt":"2024-08-22T16:25:03","slug":"adim-adim-topluluk-yolu","status":"publish","type":"post","link":"https:\/\/comunitamagnificat.org\/tr\/adim-adim-topluluk-yolu\/","title":{"rendered":"Ad\u0131m Ad\u0131m Topluluk Yolu"},"content":{"rendered":"\n<p>Burada, 2006 y\u0131l\u0131nda Foligno&#8217;da d\u00fczenlenen <strong>ve topluluk yolculu\u011funun a\u015famalar\u0131n\u0131n yap\u0131s\u0131n\u0131n<\/strong> derinle\u015ftirildi\u011fi bir e\u011fitim seminerinin i\u00e7eri\u011fi yer almaktad\u0131r.<\/p>\n\n<div style=\"height:30px\" aria-hidden=\"true\" class=\"wp-block-spacer\"><\/div>\n\n<p><strong>Ses dosyalar\u0131n\u0131 indirin<\/strong>:<\/p>\n\n<div style=\"height:30px\" aria-hidden=\"true\" class=\"wp-block-spacer\"><\/div>\n\n<ul class=\"wp-block-list\">\n<li><strong><a href=\"https:\/\/www.gloria.tv\/post\/4JtYNTJihjMJ3SSXiymkrsBEn\" title=\"&#x130;lk toplant&#x131;: CATECHESIS\">\u0130lk toplant\u0131: <\/a><a href=\"https:\/\/www.gloria.tv\/post\/4JtYNTJihjMJ3SSXiymkrsBEn\" target=\"_blank\" rel=\"noopener\" title=\"&#x130;lk toplant&#x131;: CATECHESIS\">CATECHESIS<\/a><\/strong><br\/>Genel Ruhani Konsey \u00dcyesi Fr Luca Bartoccini&#8217;nin raporu.<\/li>\n\n\n\n<li><strong><a href=\"https:\/\/www.gloria.tv\/post\/mneBjUcN4bqY3adDvXqWQdoxb\" title=\"\">\u0130kinci toplant\u0131<\/a><a href=\"https:\/\/www.gloria.tv\/post\/mneBjUcN4bqY3adDvXqWQdoxb\" target=\"_blank\" rel=\"noopener\" title=\"\">: <\/a><a href=\"https:\/\/www.gloria.tv\/post\/mneBjUcN4bqY3adDvXqWQdoxb\" title=\"\">REZONANS<\/a><\/strong><br\/>Genel Ruhani Konsey \u00dcyesi Fr Luca Bartoccini taraf\u0131ndan verilen konu\u015fma.<\/li>\n\n\n\n<li><strong><a href=\"https:\/\/www.gloria.tv\/post\/MtrSTyW3R7mP1LhS4FJzH8gsC\" target=\"_blank\" rel=\"noopener\" title=\"\">\u00dc\u00e7\u00fcnc\u00fc toplant\u0131: PAYLA\u015eIM<\/a><\/strong><br\/>Genel Ruhani Konsey \u00dcyesi Fr Luca Bartoccini taraf\u0131ndan verilen rapor.<\/li>\n\n\n\n<li><strong><a href=\"https:\/\/www.gloria.tv\/post\/Dc4axnb4bm121zVDcSELzTxcP\" target=\"_blank\" rel=\"noopener\" title=\"\">D\u00f6rd\u00fcnc\u00fc toplant\u0131: HAYATIN DE\u011eERLEND\u0130R\u0130LMES\u0130<\/a><\/strong><br\/>Genel Ruhani Konsey \u00dcyesi Fr Luca Bartoccini&#8217;nin raporu, Genel M\u00fcd\u00fcr Daniele Mezzetti&#8217;nin ekiyle birlikte.<\/li>\n\n\n\n<li><strong><a href=\"https:\/\/www.gloria.tv\/post\/o8ptmZteDApc2MRTSLiEaRCN4\" target=\"_blank\" rel=\"noopener\" title=\"\">Be\u015finci toplant\u0131: FEAST<\/a><\/strong><br\/>Genel M\u00fcd\u00fcr Daniele Mezzetti&#8217;nin raporu.<\/li>\n<\/ul>\n\n<div style=\"height:50px\" aria-hidden=\"true\" class=\"wp-block-spacer\"><\/div>\n","protected":false},"excerpt":{"rendered":"<p>Burada, 2006 y\u0131l\u0131nda Foligno&#8217;da d\u00fczenlenen ve topluluk yolculu\u011funun a\u015famalar\u0131n\u0131n yap\u0131s\u0131n\u0131n derinle\u015ftirildi\u011fi bir e\u011fitim seminerinin i\u00e7eri\u011fi yer almaktad\u0131r. Ses dosyalar\u0131n\u0131 indirin:<\/p>\n","protected":false},"author":1,"featured_media":14171,"comment_status":"open","ping_status":"closed","sticky":false,"template":"","format":"standard","meta":{"om_disable_all_campaigns":false,"_monsterinsights_skip_tracking":false,"_monsterinsights_sitenote_active":false,"_monsterinsights_sitenote_note":"","_monsterinsights_sitenote_category":0,"_uf_show_specific_survey":0,"_uf_disable_surveys":false,"footnotes":""},"categories":[129],"tags":[304,130],"class_list":["post-18797","post","type-post","status-publish","format-standard","has-post-thumbnail","hentry","category-haberler","tag-ses","tag-yurumek"],"aioseo_notices":[],"_links":{"self":[{"href":"https:\/\/comunitamagnificat.org\/tr\/wp-json\/wp\/v2\/posts\/18797","targetHints":{"allow":["GET"]}}],"collection":[{"href":"https:\/\/comunitamagnificat.org\/tr\/wp-json\/wp\/v2\/posts"}],"about":[{"href":"https:\/\/comunitamagnificat.org\/tr\/wp-json\/wp\/v2\/types\/post"}],"author":[{"embeddable":true,"href":"https:\/\/comunitamagnificat.org\/tr\/wp-json\/wp\/v2\/users\/1"}],"replies":[{"embeddable":true,"href":"https:\/\/comunitamagnificat.org\/tr\/wp-json\/wp\/v2\/comments?post=18797"}],"version-history":[{"count":1,"href":"https:\/\/comunitamagnificat.org\/tr\/wp-json\/wp\/v2\/posts\/18797\/revisions"}],"predecessor-version":[{"id":18799,"href":"https:\/\/comunitamagnificat.org\/tr\/wp-json\/wp\/v2\/posts\/18797\/revisions\/18799"}],"wp:featuredmedia":[{"embeddable":true,"href":"https:\/\/comunitamagnificat.org\/tr\/wp-json\/wp\/v2\/media\/14171"}],"wp:attachment":[{"href":"https:\/\/comunitamagnificat.org\/tr\/wp-json\/wp\/v2\/media?parent=18797"}],"wp:term":[{"taxonomy":"category","embeddable":true,"href":"https:\/\/comunitamagnificat.org\/tr\/wp-json\/wp\/v2\/categories?post=18797"},{"taxonomy":"post_tag","embeddable":true,"href":"https:\/\/comunitamagnificat.org\/tr\/wp-json\/wp\/v2\/tags?post=18797"}],"curies":[{"name":"wp","href":"https:\/\/api.w.org\/{rel}","templated":true}]}}