{"id":18827,"date":"2024-08-22T18:26:34","date_gmt":"2024-08-22T16:26:34","guid":{"rendered":"https:\/\/comunitamagnificat.org\/2024\/08\/22\/kamp-2019\/"},"modified":"2024-08-22T18:26:39","modified_gmt":"2024-08-22T16:26:39","slug":"kamp-2019","status":"publish","type":"post","link":"https:\/\/comunitamagnificat.org\/tr\/kamp-2019\/","title":{"rendered":"Kamp 2019"},"content":{"rendered":"\n<p class=\"has-text-align-center\"><strong>Magnificat Topluluk Kamp\u0131 2019<\/strong><\/p>\n\n<p class=\"has-text-align-center\">27 Temmuz &#8211; 23 A\u011fustos 2019<\/p>\n\n<p class=\"has-text-align-center\">Paestum Kamp K\u00f6y\u00fcnde Paestum****<\/p>\n\n<div class=\"wp-block-columns is-layout-flex wp-container-core-columns-is-layout-9d6595d7 wp-block-columns-is-layout-flex\">\n<div class=\"wp-block-column is-layout-flow wp-block-column-is-layout-flow\" style=\"flex-basis:15%\"><\/div>\n\n\n\n<div class=\"wp-block-column is-layout-flow wp-block-column-is-layout-flow\">\n<figure class=\"wp-block-embed is-type-video is-provider-youtube wp-block-embed-youtube wp-embed-aspect-16-9 wp-has-aspect-ratio\"><div class=\"wp-block-embed__wrapper\"> \n<iframe loading=\"lazy\" title=\"La Comunit\u00e0 Magnificat ti invita a....\" width=\"500\" height=\"281\" src=\"https:\/\/www.youtube.com\/embed\/oZZ8Tf6Kfeg?feature=oembed\" frameborder=\"0\" allow=\"accelerometer; autoplay; clipboard-write; encrypted-media; gyroscope; picture-in-picture; web-share\" referrerpolicy=\"strict-origin-when-cross-origin\" allowfullscreen><\/iframe>\n <\/div><\/figure>\n<\/div>\n\n\n\n<div class=\"wp-block-column is-layout-flow wp-block-column-is-layout-flow\" style=\"flex-basis:15%\"><\/div>\n<\/div>\n\n<p>  Sevgili karde\u015flerim,<\/p>\n\n<p>Toplulu\u011fumuzun kamp\u0131n\u0131 sunmak kolay de\u011fildir, \u00e7\u00fcnk\u00fc esasen bir <strong>DENEY\u0130MD\u0130R:<\/strong> onu tan\u0131mlayabilir, hikayesini, i\u00e7eri\u011fini anlatabilir veya onu ya\u015fayanlardan baz\u0131 tan\u0131kl\u0131klar toplayabilirsiniz, ancak&#8230; <strong>deneyim ya\u015fanacak bir olay olarak kal\u0131r<\/strong> ve hikaye ka\u00e7\u0131n\u0131lmaz olarak k\u0131smi ve bir \u015feyler her zaman eksiktir.<br\/><br\/>B<em>u, <strong>karde\u015f\u00e7e ya\u015fam\u0131n<\/strong> e\u015fsiz bir deneyimidir<\/em> Topluluk kamp\u0131 ya\u015fayanlar, g\u00fcnl\u00fck<em> <strong>ya\u015famda<\/strong><\/em> eksik olan o zaman\u0131n tad\u0131n\u0131 \u00e7\u0131kar\u0131rlar: G\u00fcn\u00fcn 24 saati, g\u00fcnlerce karde\u015flerle hayat\u0131 payla\u015fmak; be\u015f dakika oldu\u011fu d\u00fc\u015f\u00fcncesiyle konu\u015fmak i\u00e7in durmak ve saatler sonra kendini i\u00e7sel bir zevkle, o basit, derin, bazen sempatik veya ac\u0131 verici payla\u015f\u0131m\u0131n tad\u0131n\u0131 \u00e7\u0131kar\u0131rken bulmak&#8230; bu sizi, zaman veya mesafe nedeniyle, di\u011fer topluluk anlar\u0131nda bile asla bu kadar yak\u0131ndan tan\u0131mad\u0131\u011f\u0131n\u0131z karde\u015flerin hayatlar\u0131yla temasa ge\u00e7irir.<br\/><em>Bu bir <strong>dua<\/strong> ve <strong>Efkaristiya ya\u015fam\u0131<\/strong> deneyimidir<\/em><br\/>Efkaristiya&#8217;da \u0130sa&#8217;n\u0131n \u00f6n\u00fcnde ya da karde\u015flerimizle dua ederken istedi\u011fimiz kadar zaman ge\u00e7irecek yeterli zaman\u0131m\u0131z olmad\u0131\u011f\u0131n\u0131 <em>ka\u00e7<\/em> kez deneyimliyoruz. Kampta her y\u0131l tekrarlanan bir l\u00fctuf var: kamp\u0131n fiziksel merkezinde, her \u015fey ve herkes i\u00e7in referans noktas\u0131 7\/24 a\u00e7\u0131k olan Kutsal Ayin \u00e7ad\u0131r\u0131; g\u00fcn\u00fcn sabit noktas\u0131 olarak Efkaristiya, iyi bir \u015fekilde kutlan\u0131yor ve pek \u00e7ok karde\u015fle payla\u015f\u0131l\u0131yor; her g\u00fcn ya karizmatik topluluk duas\u0131n\u0131 ya da Lauds&#8217;u deneyimliyoruz.<br\/><br\/>B<em>u bir <strong>tatil<\/strong>, ama <strong>sadece bir tatil de\u011fil<\/strong><\/em> Karma\u015f\u0131k hayatlar\u0131m\u0131zda dinlenmeye ihtiyac\u0131m\u0131z var: kampta bunun i\u00e7in de zaman var!\nEskisinden daha yorgun d\u00f6nd\u00fc\u011f\u00fcm\u00fcz ba\u015fka tatilleri ka\u00e7 kez tecr\u00fcbe ettik!\n<br\/>Bir\u00e7o\u011fumuz, karde\u015flerimize hizmet etmi\u015f ya da kamp ya\u015fam\u0131nda s\u0131k\u00e7a rastlanan g\u00fcvencesizlik ve baz\u0131 rahats\u0131zl\u0131klarla m\u00fccadele etmi\u015f olsak bile, topluluk kamp\u0131ndan yeni bir g\u00fc\u00e7, canl\u0131l\u0131k ve ne\u015feyle d\u00f6nd\u00fc\u011f\u00fcm\u00fcze tan\u0131kl\u0131k edebiliriz. Bu, yakla\u015f\u0131k k\u0131rk y\u0131l \u00f6nce neredeyse &#8220;tesad\u00fcfen&#8221; ba\u015flayan ve bug\u00fcne kadar devam eden bir deneyimdir.\nKampta pek \u00e7ok ki\u015fi Tanr\u0131 ile tan\u0131\u015ft\u0131, hayatlar\u0131n\u0131 de\u011fi\u015ftirdi, kendi mesleki yollar\u0131n\u0131 buldu, toplumu tan\u0131d\u0131!   <br\/>Bu y\u0131l neden siz de gelmeyi denemiyorsunuz?\nSizi 27 Temmuz &#8211; 23 A\u011fustos 2019 tarihleri aras\u0131nda Paestum&#8217;a davet ediyoruz: <\/p>\n\n<p><strong>Orada olaca\u011f\u0131z.<\/strong><\/p>\n\n<p class=\"has-text-align-right\"><em>Genel M\u00fcd\u00fcrler<\/em><\/p>\n\n<div style=\"height:50px\" aria-hidden=\"true\" class=\"wp-block-spacer\"><\/div>\n\n<p><\/p>\n","protected":false},"excerpt":{"rendered":"<p>Magnificat Topluluk Kamp\u0131 2019 27 Temmuz &#8211; 23 A\u011fustos 2019 Paestum Kamp K\u00f6y\u00fcnde Paestum**** Sevgili karde\u015flerim, Toplulu\u011fumuzun kamp\u0131n\u0131 sunmak kolay de\u011fildir, \u00e7\u00fcnk\u00fc esasen bir DENEY\u0130MD\u0130R: onu tan\u0131mlayabilir, hikayesini, i\u00e7eri\u011fini anlatabilir veya onu ya\u015fayanlardan baz\u0131 tan\u0131kl\u0131klar toplayabilirsiniz, ancak&#8230; deneyim ya\u015fanacak bir olay olarak kal\u0131r ve hikaye ka\u00e7\u0131n\u0131lmaz olarak k\u0131smi ve bir \u015feyler her zaman eksiktir. Bu, [&hellip;]<\/p>\n","protected":false},"author":4,"featured_media":11464,"comment_status":"open","ping_status":"closed","sticky":false,"template":"","format":"standard","meta":{"om_disable_all_campaigns":false,"_monsterinsights_skip_tracking":false,"_monsterinsights_sitenote_active":false,"_monsterinsights_sitenote_note":"","_monsterinsights_sitenote_category":0,"_uf_show_specific_survey":0,"_uf_disable_surveys":false,"footnotes":""},"categories":[129],"tags":[311,163,162,312,313],"class_list":["post-18827","post","type-post","status-publish","format-standard","has-post-thumbnail","hentry","category-haberler","tag-kamp-alani-2019","tag-kamp-toplulugu-magnificat","tag-kampcilik","tag-magnificat-toplum-kampi-2019","tag-paestum-kamp-alani"],"aioseo_notices":[],"_links":{"self":[{"href":"https:\/\/comunitamagnificat.org\/tr\/wp-json\/wp\/v2\/posts\/18827","targetHints":{"allow":["GET"]}}],"collection":[{"href":"https:\/\/comunitamagnificat.org\/tr\/wp-json\/wp\/v2\/posts"}],"about":[{"href":"https:\/\/comunitamagnificat.org\/tr\/wp-json\/wp\/v2\/types\/post"}],"author":[{"embeddable":true,"href":"https:\/\/comunitamagnificat.org\/tr\/wp-json\/wp\/v2\/users\/4"}],"replies":[{"embeddable":true,"href":"https:\/\/comunitamagnificat.org\/tr\/wp-json\/wp\/v2\/comments?post=18827"}],"version-history":[{"count":1,"href":"https:\/\/comunitamagnificat.org\/tr\/wp-json\/wp\/v2\/posts\/18827\/revisions"}],"predecessor-version":[{"id":18829,"href":"https:\/\/comunitamagnificat.org\/tr\/wp-json\/wp\/v2\/posts\/18827\/revisions\/18829"}],"wp:featuredmedia":[{"embeddable":true,"href":"https:\/\/comunitamagnificat.org\/tr\/wp-json\/wp\/v2\/media\/11464"}],"wp:attachment":[{"href":"https:\/\/comunitamagnificat.org\/tr\/wp-json\/wp\/v2\/media?parent=18827"}],"wp:term":[{"taxonomy":"category","embeddable":true,"href":"https:\/\/comunitamagnificat.org\/tr\/wp-json\/wp\/v2\/categories?post=18827"},{"taxonomy":"post_tag","embeddable":true,"href":"https:\/\/comunitamagnificat.org\/tr\/wp-json\/wp\/v2\/tags?post=18827"}],"curies":[{"name":"wp","href":"https:\/\/api.w.org\/{rel}","templated":true}]}}