{"id":19608,"date":"2024-08-23T07:51:37","date_gmt":"2024-08-23T05:51:37","guid":{"rendered":"https:\/\/comunitamagnificat.org\/2024\/08\/23\/yine-birlikteyiz\/"},"modified":"2024-08-23T07:51:58","modified_gmt":"2024-08-23T05:51:58","slug":"yine-birlikteyiz","status":"publish","type":"post","link":"https:\/\/comunitamagnificat.org\/tr\/yine-birlikteyiz\/","title":{"rendered":"Yine birlikteyiz!"},"content":{"rendered":"\n<div class=\"wp-block-columns is-layout-flex wp-container-core-columns-is-layout-9d6595d7 wp-block-columns-is-layout-flex\">\n<div class=\"wp-block-column is-layout-flow wp-block-column-is-layout-flow\">\n<div style=\"height:30px\" aria-hidden=\"true\" class=\"wp-block-spacer\"><\/div>\n\n\n\n<p class=\"has-text-align-center\"><br\/><br\/><br\/>Magnificat Toplulu\u011fu <em>Genel M\u00fcd\u00fcrleri<\/em>, <strong>23-25 Nisan 2022 tarihleri aras\u0131nda<\/strong> Magnificat&#8217;ta yap\u0131lmas\u0131 planlanan<strong>XX Genel Kongre<\/strong> i\u00e7in program haz\u0131rlad\u0131lar.<strong> <em>Palamontepaschi<\/em><\/strong><br\/>C <strong>hianciano Terme<\/strong> &#8216;de (SI), t\u00fcm <em>m\u00fcttefiklerin<\/em>, <em>dostlar\u0131n<\/em>, <em>acemilerin <\/em>ve <em>m\u00fcritlerin <\/em>kat\u0131lmaya davet edildi\u011fi.<\/p>\n\n\n\n<p>\u0130\u015fte davetiyenin ve \u00fc\u00e7 g\u00fcnl\u00fck konferans\u0131n t\u00fcm detaylar\u0131n\u0131n yer ald\u0131\u011f\u0131 bro\u015f\u00fcr<\/p>\n\n\n\n<div style=\"height:30px\" aria-hidden=\"true\" class=\"wp-block-spacer\"><\/div>\n\n\n\n<div class=\"wp-block-image\"><figure class=\"aligncenter size-large\"><picture data-lightbox=\"https:\/\/comunitamagnificat.org\/wp-content\/uploads\/2022\/04\/Volantino-Chianciano-2022-ITA-scaled.jpg\"><source type='image\/jpeg' srcset='https:\/\/comunitamagnificat.org\/wp-content\/uploads\/2022\/04\/Volantino-Chianciano-2022-ITA-scaled.jpg 1810w, https:\/\/comunitamagnificat.org\/wp-content\/uploads\/2022\/04\/Volantino-Chianciano-2022-ITA-212x300.jpg 212w, https:\/\/comunitamagnificat.org\/wp-content\/uploads\/2022\/04\/Volantino-Chianciano-2022-ITA-724x1024.jpg 724w, https:\/\/comunitamagnificat.org\/wp-content\/uploads\/2022\/04\/Volantino-Chianciano-2022-ITA-768x1086.jpg 768w, https:\/\/comunitamagnificat.org\/wp-content\/uploads\/2022\/04\/Volantino-Chianciano-2022-ITA-1086x1536.jpg 1086w, https:\/\/comunitamagnificat.org\/wp-content\/uploads\/2022\/04\/Volantino-Chianciano-2022-ITA-1448x2048.jpg 1448w' sizes='(max-width: 1810px) 100vw, 1810px' \/><img loading=\"lazy\" decoding=\"async\" width=\"724\" height=\"1024\" src=\"https:\/\/comunitamagnificat.org\/wp-content\/uploads\/2022\/04\/Volantino-Chianciano-2022-ITA-724x1024.jpg\" alt=\"\" class=\"wp-image-9129\"\/><\/picture><\/figure><\/div>\n\n\n\n<div style=\"height:30px\" aria-hidden=\"true\" class=\"wp-block-spacer\"><\/div>\n\n\n\n<p>Burada (ayr\u0131ca metin format\u0131nda) 2022 Genel Kongre program\u0131 yer almaktad\u0131r:<\/p>\n\n\n\n<div style=\"height:30px\" aria-hidden=\"true\" class=\"wp-block-spacer\"><\/div>\n\n\n\n<p><br\/>2<strong>3 Nisan Cumartesi<\/strong> 10.00 Resepsiyon ve konaklama<br\/>11,00 \n<strong>Celebrazione Eucaristica<\/strong> &#8211; padre Victor-Emilian Dumitrescu <br\/>12,30 \n<strong>Introduzione al Convegno<\/strong> &#8211; Responsabili generali <br\/>13.00 \u00d6\u011fle Yeme\u011fi<br\/>15,30 \n<strong>Preghiera comunitaria carismatica<\/strong><br\/>16,30 \u00ab\n<strong><em>Dovete nascere dall\u2019alto<\/em><\/strong>\u00bb &#8211; Padre Mariano Michniak <br\/>17.30 Ara<br\/>18,00 \n<strong>Testimonianze<\/strong><br\/>20,00 Cena <\/p>\n\n\n\n<div style=\"height:30px\" aria-hidden=\"true\" class=\"wp-block-spacer\"><\/div>\n\n\n\n<p><br\/>2<strong>4 Nisan Pazar<\/strong> sabah 9 \n<br\/>K<strong>arizmatik Topluluk Duas\u0131<\/strong> 10.00  <strong><em>&#8220;Sana ne s\u00f6ylersem onu yap<\/em>.&#8221;<\/strong>  &#8211; Sarah Bishop<br\/>11.00 Ara<br\/>11,30 \n<strong>Celebrazione Eucaristica<\/strong><br\/>13,30 Pranzo <br\/>15,30 \n<strong>Invocazione allo Spirito Santo<\/strong><br\/>15,45   <strong><em>&#8216;Ruh&#8217;tan do\u011fan herkes b\u00f6yledir<\/em>&#8216;<\/strong>  &#8211; Don Livio Tacchini<br\/>17, 30 \n<strong>Preghiera del FUOCO<\/strong><br\/>18,30 \n<strong>Testimonianze<\/strong><br\/>20,30 Cena  <br\/><\/p>\n\n\n\n<div style=\"height:30px\" aria-hidden=\"true\" class=\"wp-block-spacer\"><\/div>\n\n\n\n<p><strong><br\/><\/strong><br\/><br\/><br\/><br\/><br\/>2<strong>5 Nisan Pazartesi<\/strong>9.00 <strong> <strong>Kutsal Ruh&#8217;a<\/strong> <strong>Yakar\u0131\u015f<\/strong> 9.30<strong>&#8220;<em>Do\u011fruyu yapan \u0131\u015f\u0131\u011fa do\u011fru gelir<\/em>&#8220;<\/strong> &#8211; Maria Rita Castellani 10.30 Ara 11.00<strong>Tan\u0131kl\u0131klar<\/strong> 12.00<strong>Efkaristiya Kutlamas\u0131<\/strong> 13.30 \u00d6\u011fle yeme\u011fi ve ayr\u0131l\u0131\u015f<\/strong><\/p>\n\n\n\n<div style=\"height:30px\" aria-hidden=\"true\" class=\"wp-block-spacer\"><\/div>\n<\/div>\n<\/div>\n\n<p><\/p>\n","protected":false},"excerpt":{"rendered":"<p>Magnificat Toplulu\u011fu Genel M\u00fcd\u00fcrleri, 23-25 Nisan 2022 tarihleri aras\u0131nda Magnificat&#8217;ta yap\u0131lmas\u0131 planlananXX Genel Kongre i\u00e7in program haz\u0131rlad\u0131lar. PalamontepaschiC hianciano Terme &#8216;de (SI), t\u00fcm m\u00fcttefiklerin, dostlar\u0131n, acemilerin ve m\u00fcritlerin kat\u0131lmaya davet edildi\u011fi. \u0130\u015fte davetiyenin ve \u00fc\u00e7 g\u00fcnl\u00fck konferans\u0131n t\u00fcm detaylar\u0131n\u0131n yer ald\u0131\u011f\u0131 bro\u015f\u00fcr Burada (ayr\u0131ca metin format\u0131nda) 2022 Genel Kongre program\u0131 yer almaktad\u0131r: 23 Nisan Cumartesi [&hellip;]<\/p>\n","protected":false},"author":3,"featured_media":16604,"comment_status":"open","ping_status":"open","sticky":false,"template":"","format":"standard","meta":{"om_disable_all_campaigns":false,"_monsterinsights_skip_tracking":false,"_monsterinsights_sitenote_active":false,"_monsterinsights_sitenote_note":"","_monsterinsights_sitenote_category":0,"_uf_show_specific_survey":0,"_uf_disable_surveys":false,"footnotes":""},"categories":[366],"tags":[],"class_list":["post-19608","post","type-post","status-publish","format-standard","has-post-thumbnail","hentry","category-uncategorized-tr"],"aioseo_notices":[],"_links":{"self":[{"href":"https:\/\/comunitamagnificat.org\/tr\/wp-json\/wp\/v2\/posts\/19608","targetHints":{"allow":["GET"]}}],"collection":[{"href":"https:\/\/comunitamagnificat.org\/tr\/wp-json\/wp\/v2\/posts"}],"about":[{"href":"https:\/\/comunitamagnificat.org\/tr\/wp-json\/wp\/v2\/types\/post"}],"author":[{"embeddable":true,"href":"https:\/\/comunitamagnificat.org\/tr\/wp-json\/wp\/v2\/users\/3"}],"replies":[{"embeddable":true,"href":"https:\/\/comunitamagnificat.org\/tr\/wp-json\/wp\/v2\/comments?post=19608"}],"version-history":[{"count":1,"href":"https:\/\/comunitamagnificat.org\/tr\/wp-json\/wp\/v2\/posts\/19608\/revisions"}],"predecessor-version":[{"id":19610,"href":"https:\/\/comunitamagnificat.org\/tr\/wp-json\/wp\/v2\/posts\/19608\/revisions\/19610"}],"wp:featuredmedia":[{"embeddable":true,"href":"https:\/\/comunitamagnificat.org\/tr\/wp-json\/wp\/v2\/media\/16604"}],"wp:attachment":[{"href":"https:\/\/comunitamagnificat.org\/tr\/wp-json\/wp\/v2\/media?parent=19608"}],"wp:term":[{"taxonomy":"category","embeddable":true,"href":"https:\/\/comunitamagnificat.org\/tr\/wp-json\/wp\/v2\/categories?post=19608"},{"taxonomy":"post_tag","embeddable":true,"href":"https:\/\/comunitamagnificat.org\/tr\/wp-json\/wp\/v2\/tags?post=19608"}],"curies":[{"name":"wp","href":"https:\/\/api.w.org\/{rel}","templated":true}]}}